{"id":9945,"date":"2023-11-27T11:42:40","date_gmt":"2023-11-27T10:42:40","guid":{"rendered":"https:\/\/semmelweis.hu\/bioinformatika\/?p=9945"},"modified":"2023-11-27T11:42:40","modified_gmt":"2023-11-27T10:42:40","slug":"tdk-hallgatonk-dobolyi-zsofia-sikeres-szereplese-a-2023-as-elte-btdk-konferencian","status":"publish","type":"post","link":"https:\/\/semmelweis.hu\/bioinformatika\/tdk-hallgatonk-dobolyi-zsofia-sikeres-szereplese-a-2023-as-elte-btdk-konferencian\/","title":{"rendered":"TDK hallgat\u00f3nk, Dobolyi Zs\u00f3fia sikeres szerepl\u00e9se a 2023-as ELTE BTDK Konferenci\u00e1n"},"content":{"rendered":"<div dir=\"ltr\">\n<div>\n<div><img loading=\"lazy\" decoding=\"async\" class=\"size-medium wp-image-9947 alignleft\" src=\"https:\/\/semmelweis.hu\/bioinformatika\/files\/2023\/11\/ELTE_BTDK-Konferencia_Dobolyi-Zsofi_belulre-267x400.jpeg\" alt=\"\" width=\"267\" height=\"400\" srcset=\"https:\/\/semmelweis.hu\/bioinformatika\/files\/2023\/11\/ELTE_BTDK-Konferencia_Dobolyi-Zsofi_belulre-267x400.jpeg 267w, https:\/\/semmelweis.hu\/bioinformatika\/files\/2023\/11\/ELTE_BTDK-Konferencia_Dobolyi-Zsofi_belulre-683x1024.jpeg 683w, https:\/\/semmelweis.hu\/bioinformatika\/files\/2023\/11\/ELTE_BTDK-Konferencia_Dobolyi-Zsofi_belulre-768x1152.jpeg 768w, https:\/\/semmelweis.hu\/bioinformatika\/files\/2023\/11\/ELTE_BTDK-Konferencia_Dobolyi-Zsofi_belulre-1024x1536.jpeg 1024w, https:\/\/semmelweis.hu\/bioinformatika\/files\/2023\/11\/ELTE_BTDK-Konferencia_Dobolyi-Zsofi_belulre-1365x2048.jpeg 1365w, https:\/\/semmelweis.hu\/bioinformatika\/files\/2023\/11\/ELTE_BTDK-Konferencia_Dobolyi-Zsofi_belulre-753x1130.jpeg 753w, https:\/\/semmelweis.hu\/bioinformatika\/files\/2023\/11\/ELTE_BTDK-Konferencia_Dobolyi-Zsofi_belulre-scaled.jpeg 1707w\" sizes=\"auto, (max-width: 267px) 100vw, 267px\" \/>Dobolyi Zs\u00f3fia TDK hallgat\u00f3nk r\u00e9szt vett az ELTE Biol\u00f3gus TDK 2023-as Konferenci\u00e1j\u00e1n, ahol a Molekul\u00e1ris biol\u00f3gia \u00e9s Bioinformatika szekci\u00f3ban elnyerte a Magyar Genetikusok Egyes\u00fclet\u00e9nek K\u00fcl\u00f6nd\u00edj\u00e1t, valamint K\u00f6z\u00f6ns\u00e9gd\u00edjat is kapott. T\u00e9mavezet\u0151je Dr. Menyhart Ot\u00edlia \u00e9s Prof. Dr. Gy\u0151rffy Bal\u00e1zs, el\u0151ad\u00e1s\u00e1nak c\u00edme pedig &#8222;Investigating gene expression profiles of therapeutic targets in renal cell carcinoma based on single-cell RNA sequencing data&#8221; volt. <\/div>\n<\/div>\n<\/div>\n","protected":false},"excerpt":{"rendered":"<p>Dobolyi Zs\u00f3fia TDK hallgat\u00f3nk r\u00e9szt vett az ELTE Biol\u00f3gus TDK 2023-as Konferenci\u00e1j\u00e1n, ahol a Molekul\u00e1ris biol\u00f3gia \u00e9s Bioinformatika szekci\u00f3ban elnyerte a Magyar Genetikusok Egyes\u00fclet\u00e9nek K\u00fcl\u00f6nd\u00edj\u00e1t, valamint K\u00f6z\u00f6ns\u00e9gd\u00edjat is kapott. T\u00e9mavezet\u0151je Dr. Menyhart Ot\u00edlia \u00e9s Prof. Dr. Gy\u0151rffy Bal\u00e1zs, el\u0151ad\u00e1s\u00e1nak c\u00edme pedig &#8222;Investigating gene expression profiles of therapeutic targets in renal cell carcinoma based on single-cell &hellip;<\/p>\n","protected":false},"author":102018,"featured_media":9948,"comment_status":"closed","ping_status":"closed","sticky":false,"template":"","format":"standard","meta":{"_acf_changed":false,"footnotes":""},"categories":[2],"tags":[],"class_list":["post-9945","post","type-post","status-publish","format-standard","has-post-thumbnail","hentry","category-hirek"],"acf":[],"_links":{"self":[{"href":"https:\/\/semmelweis.hu\/bioinformatika\/wp-json\/wp\/v2\/posts\/9945","targetHints":{"allow":["GET"]}}],"collection":[{"href":"https:\/\/semmelweis.hu\/bioinformatika\/wp-json\/wp\/v2\/posts"}],"about":[{"href":"https:\/\/semmelweis.hu\/bioinformatika\/wp-json\/wp\/v2\/types\/post"}],"author":[{"embeddable":true,"href":"https:\/\/semmelweis.hu\/bioinformatika\/wp-json\/wp\/v2\/users\/102018"}],"replies":[{"embeddable":true,"href":"https:\/\/semmelweis.hu\/bioinformatika\/wp-json\/wp\/v2\/comments?post=9945"}],"version-history":[{"count":1,"href":"https:\/\/semmelweis.hu\/bioinformatika\/wp-json\/wp\/v2\/posts\/9945\/revisions"}],"predecessor-version":[{"id":9949,"href":"https:\/\/semmelweis.hu\/bioinformatika\/wp-json\/wp\/v2\/posts\/9945\/revisions\/9949"}],"wp:featuredmedia":[{"embeddable":true,"href":"https:\/\/semmelweis.hu\/bioinformatika\/wp-json\/wp\/v2\/media\/9948"}],"wp:attachment":[{"href":"https:\/\/semmelweis.hu\/bioinformatika\/wp-json\/wp\/v2\/media?parent=9945"}],"wp:term":[{"taxonomy":"category","embeddable":true,"href":"https:\/\/semmelweis.hu\/bioinformatika\/wp-json\/wp\/v2\/categories?post=9945"},{"taxonomy":"post_tag","embeddable":true,"href":"https:\/\/semmelweis.hu\/bioinformatika\/wp-json\/wp\/v2\/tags?post=9945"}],"curies":[{"name":"wp","href":"https:\/\/api.w.org\/{rel}","templated":true}]}}