{"id":9778,"date":"2023-10-24T16:04:52","date_gmt":"2023-10-24T14:04:52","guid":{"rendered":"https:\/\/semmelweis.hu\/bioinformatika\/?p=9778"},"modified":"2023-10-24T16:05:03","modified_gmt":"2023-10-24T14:05:03","slug":"megjelent-a-plos-biology-2023-as-kutatoi-vilagranglista","status":"publish","type":"post","link":"https:\/\/semmelweis.hu\/bioinformatika\/megjelent-a-plos-biology-2023-as-kutatoi-vilagranglista\/","title":{"rendered":"Megjelent a PLoS Biology- 2023-as kutat\u00f3i vil\u00e1granglista"},"content":{"rendered":"<p><img loading=\"lazy\" decoding=\"async\" class=\" wp-image-6532 alignleft\" src=\"https:\/\/semmelweis.hu\/bioinformatika\/files\/2020\/01\/balazs.jpg\" alt=\"\" width=\"266\" height=\"386\" \/><\/p>\n<p>A\u00a0<a href=\"https:\/\/doi.org\/10.1371\/journal.pbio.3000918\" target=\"_blank\" rel=\"noreferrer noopener\">PloS Biology-ban megjelent tanulm\u00e1nyban<\/a>\u00a0el\u00e9rhet\u0151v\u00e9 v\u00e1lt annak a 100 ezer kutat\u00f3nak a list\u00e1ja, akik tudom\u00e1nyos l\u00e1that\u00f3s\u00e1guk alapj\u00e1n a vil\u00e1g \u00e9lmez\u0151ny\u00e9be tartoznak.<\/p>\n<p>A kutat\u00f3kat 22 tudom\u00e1nyter\u00fclethez \u00e9s tov\u00e1bbi 174 t\u00e9mater\u00fclethez sorolt\u00e1k \u00e9s k\u00fcl\u00f6nb\u00f6z\u0151 m\u00e9r\u0151sz\u00e1mok alapj\u00e1n oszt\u00e1lyozt\u00e1k az id\u00e9zetts\u00e9g alapj\u00e1n m\u00e9rt teljes\u00edtm\u00e9ny\u00fcket, vagyis tudom\u00e1nyos l\u00e1that\u00f3s\u00e1gukat egy \u00f6sszetett mutat\u00f3 alapj\u00e1n.<\/p>\n<p>Az\u00a0<a href=\"https:\/\/dx.doi.org\/10.17632\/btchxktzyw\" target=\"_blank\" rel=\"noreferrer noopener\">adatb\u00e1zis legut\u00f3bbi friss\u00edt\u00e9se<\/a>\u00a02023 okt\u00f3ber\u00e9ben t\u00f6rt\u00e9nt meg. Ebben a top 100 ezer kutat\u00f3 mellett azok is helyet kaptak, akik saj\u00e1t tudom\u00e1nyter\u00fclet\u00fck legkiv\u00e1l\u00f3bb 2 sz\u00e1zal\u00e9k\u00e1hoz tartoznak \u00e9s legal\u00e1bb 5 cikk\u00fck jelent meg a Scopus adatb\u00e1zisban. El\u00e9rhet\u0151v\u00e9 v\u00e1lt az adott tudom\u00e1nyter\u00fcleten rangsorolt kutat\u00f3k sz\u00e1ma \u00e9s az egyes kutat\u00f3k ebb\u00e9li helyez\u00e9se is.<\/p>\n<p>A list\u00e1n a legjobb helyez\u00e9st el\u00e9rt magyar kutat\u00f3 Prof. Dr. Gy\u0151rffy Bal\u00e1zs<\/p>\n<p><a href=\"https:\/\/www.ttk.hu\/aktualis-hirek\/19-hun-ren-ttk-s-kutato-a-2023-ban-frissitett-tudomanyos-elit-listan\" target=\"_blank\" rel=\"noopener\"><span class=\"TextRun Underlined SCXO5494705 BCX0\" lang=\"HU-HU\" xml:lang=\"HU-HU\" data-contrast=\"auto\"><span class=\"NormalTextRun SCXO5494705 BCX0\">Kacsol\u00f3d\u00f3 cikk<\/span><\/span><\/a><\/p>\n","protected":false},"excerpt":{"rendered":"<p>A\u00a0 <a href=\"https:\/\/doi.org\/10.1371\/journal.pbio.3000918\" target=\"_blank\" rel=\"noreferrer noopener\">PloS Biology-ban megjelent tanulm\u00e1nyban<\/a> \u00a0el\u00e9rhet\u0151v\u00e9 v\u00e1lt annak a 100 ezer kutat\u00f3nak a list\u00e1ja, akik tudom\u00e1nyos l\u00e1that\u00f3s\u00e1guk alapj\u00e1n a vil\u00e1g \u00e9lmez\u0151ny\u00e9be tartoznak. A kutat\u00f3kat 22 tudom\u00e1nyter\u00fclethez \u00e9s tov\u00e1bbi 174 t\u00e9mater\u00fclethez sorolt\u00e1k \u00e9s k\u00fcl\u00f6nb\u00f6z\u0151 m\u00e9r\u0151sz\u00e1mok alapj\u00e1n oszt\u00e1lyozt\u00e1k az id\u00e9zetts\u00e9g alapj\u00e1n m\u00e9rt teljes\u00edtm\u00e9ny\u00fcket, vagyis tudom\u00e1nyos l\u00e1that\u00f3s\u00e1gukat egy \u00f6sszetett mutat\u00f3 alapj\u00e1n. Az\u00a0 <a href=\"https:\/\/dx.doi.org\/10.17632\/btchxktzyw\" target=\"_blank\" rel=\"noreferrer noopener\">adatb\u00e1zis legut\u00f3bbi friss\u00edt\u00e9se<\/a> \u00a02023 okt\u00f3ber\u00e9ben t\u00f6rt\u00e9nt meg. Ebben a top 100 ezer kutat\u00f3 &hellip;<\/p>\n","protected":false},"author":102018,"featured_media":9782,"comment_status":"closed","ping_status":"closed","sticky":false,"template":"","format":"standard","meta":{"_acf_changed":false,"footnotes":""},"categories":[2],"tags":[],"class_list":["post-9778","post","type-post","status-publish","format-standard","has-post-thumbnail","hentry","category-hirek"],"acf":[],"_links":{"self":[{"href":"https:\/\/semmelweis.hu\/bioinformatika\/wp-json\/wp\/v2\/posts\/9778","targetHints":{"allow":["GET"]}}],"collection":[{"href":"https:\/\/semmelweis.hu\/bioinformatika\/wp-json\/wp\/v2\/posts"}],"about":[{"href":"https:\/\/semmelweis.hu\/bioinformatika\/wp-json\/wp\/v2\/types\/post"}],"author":[{"embeddable":true,"href":"https:\/\/semmelweis.hu\/bioinformatika\/wp-json\/wp\/v2\/users\/102018"}],"replies":[{"embeddable":true,"href":"https:\/\/semmelweis.hu\/bioinformatika\/wp-json\/wp\/v2\/comments?post=9778"}],"version-history":[{"count":9,"href":"https:\/\/semmelweis.hu\/bioinformatika\/wp-json\/wp\/v2\/posts\/9778\/revisions"}],"predecessor-version":[{"id":9788,"href":"https:\/\/semmelweis.hu\/bioinformatika\/wp-json\/wp\/v2\/posts\/9778\/revisions\/9788"}],"wp:featuredmedia":[{"embeddable":true,"href":"https:\/\/semmelweis.hu\/bioinformatika\/wp-json\/wp\/v2\/media\/9782"}],"wp:attachment":[{"href":"https:\/\/semmelweis.hu\/bioinformatika\/wp-json\/wp\/v2\/media?parent=9778"}],"wp:term":[{"taxonomy":"category","embeddable":true,"href":"https:\/\/semmelweis.hu\/bioinformatika\/wp-json\/wp\/v2\/categories?post=9778"},{"taxonomy":"post_tag","embeddable":true,"href":"https:\/\/semmelweis.hu\/bioinformatika\/wp-json\/wp\/v2\/tags?post=9778"}],"curies":[{"name":"wp","href":"https:\/\/api.w.org\/{rel}","templated":true}]}}