{"id":9664,"date":"2023-10-16T15:37:46","date_gmt":"2023-10-16T13:37:46","guid":{"rendered":"https:\/\/semmelweis.hu\/bioinformatika\/?p=9664"},"modified":"2023-10-16T15:41:24","modified_gmt":"2023-10-16T13:41:24","slug":"tanszekunk-munkatarsa-dr-menyhart-otilia-egyetemi-adjunktus-is-szerepel-az-idei-bolyai-janos-kutatasi-osztondij-dijazottjai-kozott","status":"publish","type":"post","link":"https:\/\/semmelweis.hu\/bioinformatika\/tanszekunk-munkatarsa-dr-menyhart-otilia-egyetemi-adjunktus-is-szerepel-az-idei-bolyai-janos-kutatasi-osztondij-dijazottjai-kozott\/","title":{"rendered":"Tansz\u00e9k\u00fcnk munkat\u00e1rsa Dr. Menyh\u00e1rt Ot\u00edlia egyetemi adjunktus az idei Bolyai J\u00e1nos Kutat\u00e1si \u00d6szt\u00f6nd\u00edj d\u00edjazottjai k\u00f6z\u00f6tt."},"content":{"rendered":"<p><img loading=\"lazy\" decoding=\"async\" class=\" wp-image-9668 alignleft\" src=\"https:\/\/semmelweis.hu\/bioinformatika\/files\/2023\/10\/20230919_bolyai_nap_emlekplakett_350_263_0002_foto_mta_szigeti_tamas_53198036087_o.jpg\" alt=\"\" width=\"417\" height=\"278\" srcset=\"https:\/\/semmelweis.hu\/bioinformatika\/files\/2023\/10\/20230919_bolyai_nap_emlekplakett_350_263_0002_foto_mta_szigeti_tamas_53198036087_o.jpg 350w, https:\/\/semmelweis.hu\/bioinformatika\/files\/2023\/10\/20230919_bolyai_nap_emlekplakett_350_263_0002_foto_mta_szigeti_tamas_53198036087_o-203x135.jpg 203w\" sizes=\"auto, (max-width: 417px) 100vw, 417px\" \/>Tansz\u00e9k\u00fcnk munkat\u00e1rsa Dr. Menyh\u00e1rt Ot\u00edlia egyetemi adjunktus is szerepel az idei Bolyai J\u00e1nos Kutat\u00e1si \u00d6szt\u00f6nd\u00edj d\u00edjazottjai k\u00f6z\u00f6tt. Az \u00f6szt\u00f6nd\u00edjat a Magyar Tudom\u00e1nyos Akad\u00e9mia a kiemelked\u0151 kutat\u00e1si-fejleszt\u00e9si teljes\u00edtm\u00e9ny \u00f6szt\u00f6nz\u00e9s\u00e9re \u00e9s elismer\u00e9s\u00e9re alap\u00edtotta. Dr. Menyh\u00e1rt Ot\u00edlia a rosszindulat\u00fa daganatos megbeteged\u00e9sek prognosztikus \u00e9s predikt\u00edv biomarkereit \u00e9s azok ter\u00e1pi\u00e1s c\u00e9lozhat\u00f3s\u00e1g\u00e1t vizsg\u00e1lja a h\u00e1rom \u00e9ves \u00f6szt\u00f6nd\u00edj keretein bel\u00fcl.<\/p>\n<p>&nbsp;<\/p>\n","protected":false},"excerpt":{"rendered":"<p>Tansz\u00e9k\u00fcnk munkat\u00e1rsa Dr. Menyh\u00e1rt Ot\u00edlia egyetemi adjunktus is szerepel az idei Bolyai J\u00e1nos Kutat\u00e1si \u00d6szt\u00f6nd\u00edj d\u00edjazottjai k\u00f6z\u00f6tt. Az \u00f6szt\u00f6nd\u00edjat a Magyar Tudom\u00e1nyos Akad\u00e9mia a kiemelked\u0151 kutat\u00e1si-fejleszt\u00e9si teljes\u00edtm\u00e9ny \u00f6szt\u00f6nz\u00e9s\u00e9re \u00e9s elismer\u00e9s\u00e9re alap\u00edtotta. Dr. Menyh\u00e1rt Ot\u00edlia a rosszindulat\u00fa daganatos megbeteged\u00e9sek prognosztikus \u00e9s predikt\u00edv biomarkereit \u00e9s azok ter\u00e1pi\u00e1s c\u00e9lozhat\u00f3s\u00e1g\u00e1t vizsg\u00e1lja a h\u00e1rom \u00e9ves \u00f6szt\u00f6nd\u00edj keretein bel\u00fcl.<br \/>\n&nbsp;<\/p>\n","protected":false},"author":102018,"featured_media":9666,"comment_status":"closed","ping_status":"closed","sticky":false,"template":"","format":"standard","meta":{"_acf_changed":false,"footnotes":""},"categories":[2],"tags":[],"class_list":["post-9664","post","type-post","status-publish","format-standard","has-post-thumbnail","hentry","category-hirek"],"acf":[],"_links":{"self":[{"href":"https:\/\/semmelweis.hu\/bioinformatika\/wp-json\/wp\/v2\/posts\/9664","targetHints":{"allow":["GET"]}}],"collection":[{"href":"https:\/\/semmelweis.hu\/bioinformatika\/wp-json\/wp\/v2\/posts"}],"about":[{"href":"https:\/\/semmelweis.hu\/bioinformatika\/wp-json\/wp\/v2\/types\/post"}],"author":[{"embeddable":true,"href":"https:\/\/semmelweis.hu\/bioinformatika\/wp-json\/wp\/v2\/users\/102018"}],"replies":[{"embeddable":true,"href":"https:\/\/semmelweis.hu\/bioinformatika\/wp-json\/wp\/v2\/comments?post=9664"}],"version-history":[{"count":10,"href":"https:\/\/semmelweis.hu\/bioinformatika\/wp-json\/wp\/v2\/posts\/9664\/revisions"}],"predecessor-version":[{"id":9702,"href":"https:\/\/semmelweis.hu\/bioinformatika\/wp-json\/wp\/v2\/posts\/9664\/revisions\/9702"}],"wp:featuredmedia":[{"embeddable":true,"href":"https:\/\/semmelweis.hu\/bioinformatika\/wp-json\/wp\/v2\/media\/9666"}],"wp:attachment":[{"href":"https:\/\/semmelweis.hu\/bioinformatika\/wp-json\/wp\/v2\/media?parent=9664"}],"wp:term":[{"taxonomy":"category","embeddable":true,"href":"https:\/\/semmelweis.hu\/bioinformatika\/wp-json\/wp\/v2\/categories?post=9664"},{"taxonomy":"post_tag","embeddable":true,"href":"https:\/\/semmelweis.hu\/bioinformatika\/wp-json\/wp\/v2\/tags?post=9664"}],"curies":[{"name":"wp","href":"https:\/\/api.w.org\/{rel}","templated":true}]}}