{"id":9618,"date":"2023-09-28T09:44:54","date_gmt":"2023-09-28T07:44:54","guid":{"rendered":"https:\/\/semmelweis.hu\/bioinformatika\/?p=9618"},"modified":"2023-10-02T09:15:36","modified_gmt":"2023-10-02T07:15:36","slug":"karadocsev-eva-tanszekunk-uj-phd-hallgatoja","status":"publish","type":"post","link":"https:\/\/semmelweis.hu\/bioinformatika\/karadocsev-eva-tanszekunk-uj-phd-hallgatoja\/","title":{"rendered":"Karadocsev \u00c9va tansz\u00e9k\u00fcnk \u00faj PhD hallgat\u00f3ja"},"content":{"rendered":"<p><img loading=\"lazy\" decoding=\"async\" class=\"size-full wp-image-8825 alignleft\" src=\"https:\/\/semmelweis.hu\/bioinformatika\/files\/2023\/01\/Karadocsev-E_foto_240_360-1.jpg\" alt=\"\" width=\"240\" height=\"360\" \/>Karadocsev \u00c9va molekul\u00e1ris biol\u00f3gusk\u00e9nt, majd ezt k\u00f6vet\u0151en t\u00e1pl\u00e1lkoz\u00e1studom\u00e1nyi szakemberk\u00e9nt diplom\u00e1zott a Debreceni Egyetemen.<\/p>\n<p>Tansz\u00e9k\u00fcnk\u00f6n 2023 janu\u00e1rja \u00f3ta dolgozik, mint laborat\u00f3riumi asszisztens. PhD-j\u00e1t ezzel p\u00e1rhuzamosan, most szeptemberben kezdte meg.<\/p>\n<p>Kutat\u00e1sa sor\u00e1n a tansz\u00e9k onkobankj\u00e1ban \u00f6sszegy\u0171jt\u00f6tt hepatocellul\u00e1ris carcinoma mint\u00e1kon szeretn\u00e9 a metabolikus g\u00e9nek prognosztikus szerep\u00e9t vizsg\u00e1lni, k\u00fcl\u00f6n\u00f6s tekintettel a t\u00e1pl\u00e1lkoz\u00e1s \u00e9s az onkol\u00f3gia k\u00f6zti \u00f6sszef\u00fcgg\u00e9sekre.<\/p>\n<p>T\u00e9mavezet\u0151je: Prof. Dr. Gy\u0151rffy Bal\u00e1zs<\/p>\n","protected":false},"excerpt":{"rendered":"<p>Karadocsev \u00c9va molekul\u00e1ris biol\u00f3gusk\u00e9nt, majd ezt k\u00f6vet\u0151en t\u00e1pl\u00e1lkoz\u00e1studom\u00e1nyi szakemberk\u00e9nt diplom\u00e1zott a Debreceni Egyetemen. Tansz\u00e9k\u00fcnk\u00f6n 2023 janu\u00e1rja \u00f3ta dolgozik, mint laborat\u00f3riumi asszisztens. PhD-j\u00e1t ezzel p\u00e1rhuzamosan, most szeptemberben kezdte meg. Kutat\u00e1sa sor\u00e1n a tansz\u00e9k onkobankj\u00e1ban \u00f6sszegy\u0171jt\u00f6tt hepatocellul\u00e1ris carcinoma mint\u00e1kon szeretn\u00e9 a metabolikus g\u00e9nek prognosztikus szerep\u00e9t vizsg\u00e1lni, k\u00fcl\u00f6n\u00f6s tekintettel a t\u00e1pl\u00e1lkoz\u00e1s \u00e9s az onkol\u00f3gia k\u00f6zti \u00f6sszef\u00fcgg\u00e9sekre. T\u00e9mavezet\u0151je: Prof. &hellip;<\/p>\n","protected":false},"author":102018,"featured_media":8826,"comment_status":"closed","ping_status":"closed","sticky":false,"template":"","format":"standard","meta":{"_acf_changed":false,"footnotes":""},"categories":[2],"tags":[],"class_list":["post-9618","post","type-post","status-publish","format-standard","has-post-thumbnail","hentry","category-hirek"],"acf":[],"_links":{"self":[{"href":"https:\/\/semmelweis.hu\/bioinformatika\/wp-json\/wp\/v2\/posts\/9618","targetHints":{"allow":["GET"]}}],"collection":[{"href":"https:\/\/semmelweis.hu\/bioinformatika\/wp-json\/wp\/v2\/posts"}],"about":[{"href":"https:\/\/semmelweis.hu\/bioinformatika\/wp-json\/wp\/v2\/types\/post"}],"author":[{"embeddable":true,"href":"https:\/\/semmelweis.hu\/bioinformatika\/wp-json\/wp\/v2\/users\/102018"}],"replies":[{"embeddable":true,"href":"https:\/\/semmelweis.hu\/bioinformatika\/wp-json\/wp\/v2\/comments?post=9618"}],"version-history":[{"count":3,"href":"https:\/\/semmelweis.hu\/bioinformatika\/wp-json\/wp\/v2\/posts\/9618\/revisions"}],"predecessor-version":[{"id":9623,"href":"https:\/\/semmelweis.hu\/bioinformatika\/wp-json\/wp\/v2\/posts\/9618\/revisions\/9623"}],"wp:featuredmedia":[{"embeddable":true,"href":"https:\/\/semmelweis.hu\/bioinformatika\/wp-json\/wp\/v2\/media\/8826"}],"wp:attachment":[{"href":"https:\/\/semmelweis.hu\/bioinformatika\/wp-json\/wp\/v2\/media?parent=9618"}],"wp:term":[{"taxonomy":"category","embeddable":true,"href":"https:\/\/semmelweis.hu\/bioinformatika\/wp-json\/wp\/v2\/categories?post=9618"},{"taxonomy":"post_tag","embeddable":true,"href":"https:\/\/semmelweis.hu\/bioinformatika\/wp-json\/wp\/v2\/tags?post=9618"}],"curies":[{"name":"wp","href":"https:\/\/api.w.org\/{rel}","templated":true}]}}