{"id":9605,"date":"2023-09-18T15:54:39","date_gmt":"2023-09-18T13:54:39","guid":{"rendered":"https:\/\/semmelweis.hu\/bioinformatika\/?p=9605"},"modified":"2023-09-18T15:54:39","modified_gmt":"2023-09-18T13:54:39","slug":"megjelent-a-bioinformatika-a-jovo-uj-tudomanya-cimu-uj-szakmai-kiadvanyunk","status":"publish","type":"post","link":"https:\/\/semmelweis.hu\/bioinformatika\/megjelent-a-bioinformatika-a-jovo-uj-tudomanya-cimu-uj-szakmai-kiadvanyunk\/","title":{"rendered":"Megjelent a \u201eBioinformatika, a j\u00f6v\u0151 \u00faj tudom\u00e1nya\u201d c\u00edm\u0171 \u00faj szakmai kiadv\u00e1nyunk"},"content":{"rendered":"<p><img loading=\"lazy\" decoding=\"async\" class=\"size-medium wp-image-9568 alignleft\" src=\"https:\/\/semmelweis.hu\/bioinformatika\/files\/2023\/08\/Bioinformatika_2023_cimoldal-12-283x400.jpg\" alt=\"\" width=\"283\" height=\"400\" srcset=\"https:\/\/semmelweis.hu\/bioinformatika\/files\/2023\/08\/Bioinformatika_2023_cimoldal-12-283x400.jpg 283w, https:\/\/semmelweis.hu\/bioinformatika\/files\/2023\/08\/Bioinformatika_2023_cimoldal-12-724x1024.jpg 724w, https:\/\/semmelweis.hu\/bioinformatika\/files\/2023\/08\/Bioinformatika_2023_cimoldal-12-768x1086.jpg 768w, https:\/\/semmelweis.hu\/bioinformatika\/files\/2023\/08\/Bioinformatika_2023_cimoldal-12-1086x1536.jpg 1086w, https:\/\/semmelweis.hu\/bioinformatika\/files\/2023\/08\/Bioinformatika_2023_cimoldal-12-1448x2048.jpg 1448w, https:\/\/semmelweis.hu\/bioinformatika\/files\/2023\/08\/Bioinformatika_2023_cimoldal-12-753x1065.jpg 753w, https:\/\/semmelweis.hu\/bioinformatika\/files\/2023\/08\/Bioinformatika_2023_cimoldal-12-scaled.jpg 1810w\" sizes=\"auto, (max-width: 283px) 100vw, 283px\" \/> A kiadv\u00e1ny egyed\u00fcl\u00e1ll\u00f3 Magyarorsz\u00e1gon, mivel tartalmazza a bioinformatikai k\u00e9pz\u00e9seket a hazai egyetemeken \u00e9s felsorolja a bioinformatik\u00e1t oktat\u00f3 vagy bioinformatikai m\u00f3dszerekkel kutat\u00e1st v\u00e9gz\u0151 szakembereket \u00e9s r\u00f6viden bemutatja az elm\u00falt 2 \u00e9vben \u00e1ltaluk \u00edrt jelent\u0151sebb tudom\u00e1nyos cikkeket. A Semmelweis Egyetem bioinformatik\u00e1val foglalkoz\u00f3 oktat\u00f3i: <strong>Prof. Dr. Gy\u0151rffy Bal\u00e1zs<\/strong>, egyetemi tan\u00e1r, \u00a0<strong>Dr. Fekete J\u00e1nos Tibor<\/strong>, <strong>Dr. Menyh\u00e1rt Ot\u00edlia<\/strong> \u00e9s <strong>Dr. Munk\u00e1csy Gy\u00f6ngyi<\/strong> egyetemi adjunktusok, valamint <strong>Dr. Tusn\u00e1dy G\u00e1bor, Dr. Sz\u00e1sz Attila Marcell<\/strong> \u00e9s <strong>Dr. B\u00e1lint B\u00e1lint L\u00e1szl\u00f3<\/strong>.<\/p>\n<p>A 114 oldalas k\u00f6nyv tov\u00e1bb\u00e1 tartalmazza a Magyarorsz\u00e1gon bioinformatikai t\u00e1rgy\u00fa posztgradu\u00e1lis k\u00e9pz\u00e9sben r\u00e9szt vev\u0151 hallgat\u00f3k profiljait, valamint bemutatja az <strong>ELIXIR <\/strong>\u00e9lettudom\u00e1nyokkal \u00e9s bioinformatik\u00e1val foglalkoz\u00f3 <strong>nemzetk\u00f6zi infrastrukt\u00far\u00e1t<\/strong>, annak vezet\u0151s\u00e9g\u00e9t \u00e9s nemzetk\u00f6zi projektjeit, amikben Magyarorsz\u00e1g is r\u00e9szt vesz, tov\u00e1bb\u00e1 a tematikus szakmai k\u00f6z\u00f6ss\u00e9geit.<\/p>\n<p>Ezeken t\u00fal a kiadv\u00e1nyban bemutat\u00e1sra ker\u00fcl a <strong>Magyar Bioinformatikai T\u00e1rsas\u00e1g<\/strong> \u00e9s Magyar Tudom\u00e1nyos Akad\u00e9mia keretein bel\u00fcl m\u0171k\u00f6d\u0151 <strong>Bioinformatikai Oszt\u00e1lyk\u00f6zi Tudom\u00e1nyos Bizotts\u00e1g<\/strong>, valamint a fenti szervezetek \u00e1ltal tartott konferenci\u00e1k.<\/p>\n<p>A kiadv\u00e1ny hi\u00e1nyp\u00f3tl\u00f3 azoknak, akik bioinformatikai kutat\u00e1sokat vagy tanulm\u00e1nyokat folytatnak, vagy ilyen ir\u00e1nyban szeretn\u00e9nek tov\u00e1bbtanulni, esetleg r\u00e9szt venn\u00e9nek bioinformatikai nemzetk\u00f6zi projektekben.\u00a0<\/p>\n<p>A teljes kiadv\u00e1ny <a href=\"https:\/\/drive.google.com\/file\/d\/1g5SBBRRPGTjm4R20AgMAuV7m0TzWwJhx\/view?usp=sharing\">itt<\/a> el\u00e9rhet\u0151.<\/p>\n","protected":false},"excerpt":{"rendered":"<p>A kiadv\u00e1ny egyed\u00fcl\u00e1ll\u00f3 Magyarorsz\u00e1gon, mivel tartalmazza a bioinformatikai k\u00e9pz\u00e9seket a hazai egyetemeken \u00e9s felsorolja a bioinformatik\u00e1t oktat\u00f3 vagy bioinformatikai m\u00f3dszerekkel kutat\u00e1st v\u00e9gz\u0151 szakembereket \u00e9s r\u00f6viden bemutatja az elm\u00falt 2 \u00e9vben \u00e1ltaluk \u00edrt jelent\u0151sebb tudom\u00e1nyos cikkeket. A Semmelweis Egyetem bioinformatik\u00e1val foglalkoz\u00f3 oktat\u00f3i: Prof. Dr. Gy\u0151rffy Bal\u00e1zs, egyetemi tan\u00e1r, \u00a0Dr. Fekete J\u00e1nos Tibor, Dr. Menyh\u00e1rt Ot\u00edlia \u00e9s &hellip;<\/p>\n","protected":false},"author":102018,"featured_media":9609,"comment_status":"closed","ping_status":"closed","sticky":false,"template":"","format":"standard","meta":{"_acf_changed":false,"footnotes":""},"categories":[2],"tags":[],"class_list":["post-9605","post","type-post","status-publish","format-standard","has-post-thumbnail","hentry","category-hirek"],"acf":[],"_links":{"self":[{"href":"https:\/\/semmelweis.hu\/bioinformatika\/wp-json\/wp\/v2\/posts\/9605","targetHints":{"allow":["GET"]}}],"collection":[{"href":"https:\/\/semmelweis.hu\/bioinformatika\/wp-json\/wp\/v2\/posts"}],"about":[{"href":"https:\/\/semmelweis.hu\/bioinformatika\/wp-json\/wp\/v2\/types\/post"}],"author":[{"embeddable":true,"href":"https:\/\/semmelweis.hu\/bioinformatika\/wp-json\/wp\/v2\/users\/102018"}],"replies":[{"embeddable":true,"href":"https:\/\/semmelweis.hu\/bioinformatika\/wp-json\/wp\/v2\/comments?post=9605"}],"version-history":[{"count":2,"href":"https:\/\/semmelweis.hu\/bioinformatika\/wp-json\/wp\/v2\/posts\/9605\/revisions"}],"predecessor-version":[{"id":9610,"href":"https:\/\/semmelweis.hu\/bioinformatika\/wp-json\/wp\/v2\/posts\/9605\/revisions\/9610"}],"wp:featuredmedia":[{"embeddable":true,"href":"https:\/\/semmelweis.hu\/bioinformatika\/wp-json\/wp\/v2\/media\/9609"}],"wp:attachment":[{"href":"https:\/\/semmelweis.hu\/bioinformatika\/wp-json\/wp\/v2\/media?parent=9605"}],"wp:term":[{"taxonomy":"category","embeddable":true,"href":"https:\/\/semmelweis.hu\/bioinformatika\/wp-json\/wp\/v2\/categories?post=9605"},{"taxonomy":"post_tag","embeddable":true,"href":"https:\/\/semmelweis.hu\/bioinformatika\/wp-json\/wp\/v2\/tags?post=9605"}],"curies":[{"name":"wp","href":"https:\/\/api.w.org\/{rel}","templated":true}]}}