{"id":9595,"date":"2023-09-25T07:56:26","date_gmt":"2023-09-25T05:56:26","guid":{"rendered":"https:\/\/semmelweis.hu\/bioinformatika\/?p=9595"},"modified":"2023-10-03T15:29:56","modified_gmt":"2023-10-03T13:29:56","slug":"kiss-luca-tanszekunk-uj-phd-hallgatoja","status":"publish","type":"post","link":"https:\/\/semmelweis.hu\/bioinformatika\/kiss-luca-tanszekunk-uj-phd-hallgatoja\/","title":{"rendered":"Kiss Luca tansz\u00e9k\u00fcnk \u00faj PhD hallgat\u00f3ja"},"content":{"rendered":"<div><span style=\"font-family: times new roman, serif\"><img loading=\"lazy\" decoding=\"async\" class=\"size-full wp-image-9599 alignleft\" src=\"https:\/\/semmelweis.hu\/bioinformatika\/files\/2023\/09\/Kiss-Luca_Phd-hallgato_260_360.jpg\" alt=\"\" width=\"260\" height=\"359\" \/>Kiss Luca eg\u00e9szs\u00e9g\u00fcgyi m\u00e9rn\u00f6kk\u00e9nt v\u00e9gzett a Budapesti M\u0171szaki \u00e9s Gazdas\u00e1gtudom\u00e1nyi Egyetemen 2022-ben. A tansz\u00e9ken a cukorbetegs\u00e9g illetve a tumoros megbeteged\u00e9sek k\u00f6z\u00f6tti \u00f6sszef\u00fcgg\u00e9seket keresi. C\u00e9lja a tumorsejtek metabolikus folyamataiban t\u00f6rt\u00e9n\u0151 v\u00e1ltoz\u00e1sok\u00e9rt felel\u0151s g\u00e9nmut\u00e1ci\u00f3k felt\u00e1r\u00e1sa \u00faj gener\u00e1ci\u00f3s szekven\u00e1l\u00e1s valamint k\u00fcl\u00f6nb\u00f6z\u0151 bioinformatikai m\u00f3dszerek alkalmaz\u00e1s\u00e1val. <\/span>Emellett c\u00e9lja olyan tumormarkerek keres\u00e9se, mely param\u00e9terek be\u00e9p\u00edthet\u0151ek v\u00e9r, vizelet vagy egy\u00e9b testnedv analiz\u00e1torokba.\u00a0\u00a0<\/div>\n<div><span style=\"font-family: times new roman, serif\">T\u00e9mavezet\u0151je: Dr. Menyh\u00e1rt Ot\u00edlia PhD<\/span><\/div>\n","protected":false},"excerpt":{"rendered":"<p>Kiss Luca eg\u00e9szs\u00e9g\u00fcgyi m\u00e9rn\u00f6kk\u00e9nt v\u00e9gzett a Budapesti M\u0171szaki \u00e9s Gazdas\u00e1gtudom\u00e1nyi Egyetemen 2022-ben. A tansz\u00e9ken a cukorbetegs\u00e9g illetve a tumoros megbeteged\u00e9sek k\u00f6z\u00f6tti \u00f6sszef\u00fcgg\u00e9seket keresi. C\u00e9lja a tumorsejtek metabolikus folyamataiban t\u00f6rt\u00e9n\u0151 v\u00e1ltoz\u00e1sok\u00e9rt felel\u0151s g\u00e9nmut\u00e1ci\u00f3k felt\u00e1r\u00e1sa \u00faj gener\u00e1ci\u00f3s szekven\u00e1l\u00e1s valamint k\u00fcl\u00f6nb\u00f6z\u0151 bioinformatikai m\u00f3dszerek alkalmaz\u00e1s\u00e1val. Emellett c\u00e9lja olyan tumormarkerek keres\u00e9se, mely param\u00e9terek be\u00e9p\u00edthet\u0151ek v\u00e9r, vizelet vagy egy\u00e9b testnedv analiz\u00e1torokba.\u00a0\u00a0 &hellip;<\/p>\n","protected":false},"author":102018,"featured_media":9614,"comment_status":"closed","ping_status":"closed","sticky":false,"template":"","format":"standard","meta":{"_acf_changed":false,"footnotes":""},"categories":[2],"tags":[],"class_list":["post-9595","post","type-post","status-publish","format-standard","has-post-thumbnail","hentry","category-hirek"],"acf":[],"_links":{"self":[{"href":"https:\/\/semmelweis.hu\/bioinformatika\/wp-json\/wp\/v2\/posts\/9595","targetHints":{"allow":["GET"]}}],"collection":[{"href":"https:\/\/semmelweis.hu\/bioinformatika\/wp-json\/wp\/v2\/posts"}],"about":[{"href":"https:\/\/semmelweis.hu\/bioinformatika\/wp-json\/wp\/v2\/types\/post"}],"author":[{"embeddable":true,"href":"https:\/\/semmelweis.hu\/bioinformatika\/wp-json\/wp\/v2\/users\/102018"}],"replies":[{"embeddable":true,"href":"https:\/\/semmelweis.hu\/bioinformatika\/wp-json\/wp\/v2\/comments?post=9595"}],"version-history":[{"count":7,"href":"https:\/\/semmelweis.hu\/bioinformatika\/wp-json\/wp\/v2\/posts\/9595\/revisions"}],"predecessor-version":[{"id":9647,"href":"https:\/\/semmelweis.hu\/bioinformatika\/wp-json\/wp\/v2\/posts\/9595\/revisions\/9647"}],"wp:featuredmedia":[{"embeddable":true,"href":"https:\/\/semmelweis.hu\/bioinformatika\/wp-json\/wp\/v2\/media\/9614"}],"wp:attachment":[{"href":"https:\/\/semmelweis.hu\/bioinformatika\/wp-json\/wp\/v2\/media?parent=9595"}],"wp:term":[{"taxonomy":"category","embeddable":true,"href":"https:\/\/semmelweis.hu\/bioinformatika\/wp-json\/wp\/v2\/categories?post=9595"},{"taxonomy":"post_tag","embeddable":true,"href":"https:\/\/semmelweis.hu\/bioinformatika\/wp-json\/wp\/v2\/tags?post=9595"}],"curies":[{"name":"wp","href":"https:\/\/api.w.org\/{rel}","templated":true}]}}