{"id":9578,"date":"2023-08-30T16:19:52","date_gmt":"2023-08-30T14:19:52","guid":{"rendered":"https:\/\/semmelweis.hu\/bioinformatika\/?p=9578"},"modified":"2023-08-30T16:19:52","modified_gmt":"2023-08-30T14:19:52","slug":"nyari-szakmai-gyakorlat","status":"publish","type":"post","link":"https:\/\/semmelweis.hu\/bioinformatika\/nyari-szakmai-gyakorlat\/","title":{"rendered":"Ny\u00e1ri szakmai gyakorlat"},"content":{"rendered":"<p style=\"font-weight: 400\"><strong><img loading=\"lazy\" decoding=\"async\" class=\"size-full wp-image-9579 alignleft\" src=\"https:\/\/semmelweis.hu\/bioinformatika\/files\/2023\/08\/Koka-Alice-dolgozik-300_225.jpg\" alt=\"\" width=\"300\" height=\"225\" \/><\/strong>Koka Alice id\u00e9n v\u00e9gzett a Sapientia Erd\u00e9lyi Magyar Tudom\u00e1nyegyetem Cs\u00edkszeredai Kar\u00e1nak Biom\u00e9rn\u00f6ki tansz\u00e9k\u00e9n mint G\u00e9nseb\u00e9szet BSc hallgat\u00f3. Alice 2 h\u00f3napos gyakorlat\u00e1t t\u00f6lti Tansz\u00e9k\u00fcnk\u00f6n az Erasmus+ program keretein bel\u00fcl, mialatt betekint\u00e9s nyerhet a Semmelweis Onkobank munk\u00e1lataiba. Mentora Kov\u00e1cs Szonja, t\u00e9mavezet\u0151je Prof. Dr. Gy\u0151rffy Bal\u00e1zs.<\/p>\n","protected":false},"excerpt":{"rendered":"<p>Koka Alice id\u00e9n v\u00e9gzett a Sapientia Erd\u00e9lyi Magyar Tudom\u00e1nyegyetem Cs\u00edkszeredai Kar\u00e1nak Biom\u00e9rn\u00f6ki tansz\u00e9k\u00e9n mint G\u00e9nseb\u00e9szet BSc hallgat\u00f3. Alice 2 h\u00f3napos gyakorlat\u00e1t t\u00f6lti Tansz\u00e9k\u00fcnk\u00f6n az Erasmus+ program keretein bel\u00fcl, mialatt betekint\u00e9s nyerhet a Semmelweis Onkobank munk\u00e1lataiba. Mentora Kov\u00e1cs Szonja, t\u00e9mavezet\u0151je Prof. Dr. Gy\u0151rffy Bal\u00e1zs.<\/p>\n","protected":false},"author":102018,"featured_media":9580,"comment_status":"closed","ping_status":"closed","sticky":false,"template":"","format":"standard","meta":{"_acf_changed":false,"footnotes":""},"categories":[2],"tags":[],"class_list":["post-9578","post","type-post","status-publish","format-standard","has-post-thumbnail","hentry","category-hirek"],"acf":[],"_links":{"self":[{"href":"https:\/\/semmelweis.hu\/bioinformatika\/wp-json\/wp\/v2\/posts\/9578","targetHints":{"allow":["GET"]}}],"collection":[{"href":"https:\/\/semmelweis.hu\/bioinformatika\/wp-json\/wp\/v2\/posts"}],"about":[{"href":"https:\/\/semmelweis.hu\/bioinformatika\/wp-json\/wp\/v2\/types\/post"}],"author":[{"embeddable":true,"href":"https:\/\/semmelweis.hu\/bioinformatika\/wp-json\/wp\/v2\/users\/102018"}],"replies":[{"embeddable":true,"href":"https:\/\/semmelweis.hu\/bioinformatika\/wp-json\/wp\/v2\/comments?post=9578"}],"version-history":[{"count":1,"href":"https:\/\/semmelweis.hu\/bioinformatika\/wp-json\/wp\/v2\/posts\/9578\/revisions"}],"predecessor-version":[{"id":9581,"href":"https:\/\/semmelweis.hu\/bioinformatika\/wp-json\/wp\/v2\/posts\/9578\/revisions\/9581"}],"wp:featuredmedia":[{"embeddable":true,"href":"https:\/\/semmelweis.hu\/bioinformatika\/wp-json\/wp\/v2\/media\/9580"}],"wp:attachment":[{"href":"https:\/\/semmelweis.hu\/bioinformatika\/wp-json\/wp\/v2\/media?parent=9578"}],"wp:term":[{"taxonomy":"category","embeddable":true,"href":"https:\/\/semmelweis.hu\/bioinformatika\/wp-json\/wp\/v2\/categories?post=9578"},{"taxonomy":"post_tag","embeddable":true,"href":"https:\/\/semmelweis.hu\/bioinformatika\/wp-json\/wp\/v2\/tags?post=9578"}],"curies":[{"name":"wp","href":"https:\/\/api.w.org\/{rel}","templated":true}]}}