{"id":9434,"date":"2023-06-29T15:40:49","date_gmt":"2023-06-29T13:40:49","guid":{"rendered":"https:\/\/semmelweis.hu\/bioinformatika\/?p=9434"},"modified":"2023-06-29T15:40:49","modified_gmt":"2023-06-29T13:40:49","slug":"bioinformatikai-tanszeki-konferencia-balatonalmadiban","status":"publish","type":"post","link":"https:\/\/semmelweis.hu\/bioinformatika\/bioinformatikai-tanszeki-konferencia-balatonalmadiban\/","title":{"rendered":"Bioinformatikai Tansz\u00e9ki Konferencia Balatonalm\u00e1diban"},"content":{"rendered":"<p style=\"margin-top: 0cm;text-align: justify;background: white\"><span style=\"font-size: 15.0pt;color: #1e2326\"><img loading=\"lazy\" decoding=\"async\" class=\" wp-image-9437 alignleft\" src=\"https:\/\/semmelweis.hu\/bioinformatika\/files\/2023\/06\/Tanszeki-konferencia-pinceszet-2023_280_372.jpg\" alt=\"\" width=\"351\" height=\"467\" \/><\/span><span style=\"font-size: 15.0pt;color: #1e2326\">Az MTA \u00dcd\u00fcl\u00e9si K\u00f6zpontja k\u00edn\u00e1lta idillikus k\u00f6rnyezetben imm\u00e1r m\u00e1sodik alkalommal ker\u00fclt megrendez\u00e9sre k\u00e9tnapos tansz\u00e9ki konferenci\u00e1nk Balatonalm\u00e1diban. Int\u00e9zet\u00fcnk aktu\u00e1lis kutat\u00e1si projektjeinek ismertet\u00e9se mellett id\u00e9n az \u0151szi tantermi el\u0151ad\u00e1sok bemutat\u00e1s\u00e1ra ker\u00fclt sor. <\/span><span style=\"font-size: 15.0pt;color: #1e2326\">Emellett egy workshopot is meghallgathattunk a \u201eTudom\u00e1nyos cikkek \u00e9s egy\u00e9b \u00edr\u00e1sok stilisztikai jegyei\u201d c\u00edmmel \u00e9s a Scientometrics.org projekt is sz\u00f3ba ker\u00fclt.<br \/>\n<\/span><span style=\"font-size: 15.0pt;color: #1e2326\">Az el\u0151ad\u00e1sok ut\u00e1n tansz\u00e9k\u00fcnk munkat\u00e1rsai egy kir\u00e1ndul\u00e1ssal egybek\u00f6t\u00f6tt bork\u00f3stol\u00f3n is r\u00e9szt vettek a csopaki J\u00e1sdi Pinc\u00e9szetben.<\/span><\/p>\n<p>&nbsp;<\/p>\n<p style=\"margin-top: 0cm;background: white\"><span style=\"font-size: 15.0pt;color: #1e2326\"><br \/>\nA <em><b>tudom\u00e1nyos program<\/b><\/em> a k\u00f6vetkez\u0151 volt:<\/span><\/p>\n<p style=\"margin-top: 0cm;background: white\"><span style=\"font-size: 15.0pt;color: #1e2326\"><br \/>\n<\/span><strong><span style=\"font-size: 15.0pt;color: #1e2326\">\u00a0<\/span><\/strong><span style=\"font-size: 15.0pt;color: #1e2326\"><strong>Progress report<\/strong><br \/>\n<\/span><\/p>\n<p style=\"margin-top: 0cm;text-align: justify;background: white\"><span style=\"font-size: 15.0pt;color: #1e2326\">Dr.Munk\u00e1csy Gy\u00f6ngyi: A Semmelweis OnkoBankban t\u00e1rolt tumormint\u00e1k transzkriptomikai elemz\u00e9se <\/span><\/p>\n<p style=\"margin-top: 0cm;text-align: justify;background: white\"><span style=\"font-size: 15.0pt;color: #1e2326\">Dr.Menyhart Ot\u00edlia: Cancerhallmarks.com: a searchable platform of cancer hallmarks genes<\/span><\/p>\n<p style=\"margin-top: 0cm;text-align: justify;background: white\"><span style=\"font-size: 15.0pt;color: #1e2326\">Dr. Kothalawala William: Integr\u00e1lt egyes sejtes transzkriptomikai adatb\u00e1zis k\u00e9sz\u00edt\u00e9se <\/span><\/p>\n<p style=\"margin-top: 0cm;text-align: justify;background: white\"><span style=\"font-size: 15.0pt;color: #1e2326\">Murmu Ankita: Clustering and Cell type annotation of Single-Cell RNA-Seq data<\/span><\/p>\n<p style=\"margin-top: 0cm;text-align: justify;background: white\"><span style=\"font-size: 15.0pt;color: #1e2326\">Dobolyi Zs\u00f3fi: Single cell RNA-szekven\u00e1l\u00e1si adatok elemz\u00e9se R-ben<\/span><\/p>\n<p style=\"margin-top: 0cm;text-align: justify;background: white\"><span style=\"font-size: 15.0pt;color: #1e2326\">Kov\u00e1cs Szonja: Semmelweis Onkobank\/ Immun2 adatb\u00e1zis <\/span><\/p>\n<p style=\"margin-top: 0cm;text-align: justify;background: white\"><span style=\"font-size: 15.0pt;color: #1e2326\">Dr. Tusn\u00e1dy G\u00e1bor: Fecseg a felsz\u00edn, hallgat a m\u00e9ly: transzmembr\u00e1n feh\u00e9rj\u00e9k azonos\u00edt\u00e1sa k\u00fcl\u00f6nb\u00f6z\u0151 sejtek felsz\u00edn\u00e9n <\/span><\/p>\n<p style=\"margin-top: 0cm;text-align: justify;background: white\"><span style=\"font-size: 15.0pt;color: #1e2326\">Dr. Bartha \u00c1ron: Characterization of protein modification patterns across the most malignant cancer types <\/span><\/p>\n<p style=\"margin-top: 0cm;text-align: justify;background: white\"><span style=\"font-size: 15.0pt;color: #1e2326\">Lakatos Vikt\u00f3ria: Writing with style<\/span><\/p>\n<p style=\"margin-top: 0cm;text-align: justify;background: white\"><span style=\"font-size: 15.0pt;color: #1e2326\">Dr.Fekete J\u00e1nos: AI \/NLP<\/span><\/p>\n<p style=\"margin-top: 0cm;text-align: justify;background: white\"><span style=\"font-size: 15.0pt;color: #1e2326\">Brasko Vadassy Rita: Eml\u0151 mut\u00e1ci\u00f3s \u00e9s t\u00fal\u00e9l\u00e9si adatb\u00e1zis \u00e9p\u00edt\u00e9se<\/span><\/p>\n<p style=\"margin-top: 0cm;text-align: justify;background: white\"><span style=\"font-size: 15.0pt;color: #1e2326\">Makovsky Zsuzsa: Tudom\u00e1nymetria m\u0171k\u00f6d\u00e9se<\/span><\/p>\n<p style=\"margin-top: 0cm;text-align: justify;background: white\"><strong><span style=\"font-size: 15.0pt;color: #1e2326\">\u00daj 2023 \u00e9vi \u0151szi tantermi el\u0151ad\u00e1sok<\/span><\/strong><\/p>\n<p style=\"margin-top: 0cm;text-align: justify;background: white\"><span style=\"font-size: 15.0pt;color: #1e2326\">Dr. Munk\u00e1csy Gy\u00f6ngyi: Az Excel haszn\u00e1lata adatb\u00e1ziskezel\u00e9shez <\/span><\/p>\n<p style=\"margin-top: 0cm;text-align: justify;background: white\"><span style=\"font-size: 15.0pt;color: #1e2326\">Prof. Dr. Gy\u0151rffy Bal\u00e1zs: Single cell adatok feldolgoz\u00e1sa<\/span><\/p>\n<p style=\"margin-top: 0cm;text-align: justify;background: white\"><span style=\"font-size: 15.0pt;color: #1e2326\">Prof. Dr. Gy\u0151rffy Bal\u00e1zs: A bioinformatika \u00e9s a mesters\u00e9ges intelligencia alkalmaz\u00e1si ter\u00fcletei<\/span><\/p>\n<p style=\"margin-top: 0cm;text-align: justify;background: white\"><span style=\"font-size: 15.0pt;color: #1e2326\">Dr. Menyh\u00e1rt Ot\u00edlia: Mesters\u00e9ges intelligencia alap\u00fa sz\u00f6vegb\u00e1ny\u00e1szat<\/span><\/p>\n<p style=\"margin-top: 0cm;text-align: justify;background: white\"><span style=\"font-size: 15.0pt;color: #1e2326\">Dr. Tusn\u00e1dy G\u00e1bor: Feh\u00e9rjeszerkezet meghat\u00e1roz\u00e1s: fizikai\/k\u00e9miai m\u00f3dszerek<\/span><\/p>\n<p style=\"margin-top: 0cm;text-align: justify;background: white\"><span style=\"font-size: 15.0pt;color: #1e2326\">Dr. Bartha \u00c1ron: K\u00e9t csoport grafikai \u00f6sszehasonl\u00edt\u00e1sa: boxplot, heged\u0171-plot, s\u0171r\u0171s\u00e9g-plot, h\u0151t\u00e9rk\u00e9p, korrel\u00e1ci\u00f3s m\u00e1trix<\/span><\/p>\n<p style=\"margin-top: 0cm;text-align: justify;background: white\"><span style=\"font-size: 15.0pt;color: #1e2326\">Dr. Tusn\u00e1dy G\u00e1bor: Feh\u00e9rjeszerkezet modellez\u00e9s: az egyszer\u0171t\u0151l (homol\u00f3gia modell) a bonyolultig (ab initio)<\/span><\/p>\n<p style=\"margin-top: 0cm;text-align: justify;background: white\"><span style=\"font-size: 15.0pt;color: #1e2326\">Dr. Fekete J\u00e1nos: Az \u00e1ltal\u00e1nos el\u0151tanult transzform\u00e1tor<\/span><\/p>\n<p style=\"margin-top: 0cm;text-align: justify;background: white\"><span style=\"font-size: 15.0pt;color: #1e2326\">Dr. Tusn\u00e1dy G\u00e1bor: Transzmembr\u00e1n feh\u00e9rj\u00e9k szerkezet\u00e9nek modellez\u00e9se<\/span><\/p>\n<p style=\"margin-top: 0cm;text-align: justify;background: white\"><span style=\"font-size: 15.0pt;color: #1e2326\">Dr. Bartha \u00c1ron: A t\u00f6megspektometria el\u0151nyei \u00e9s h\u00e1tr\u00e1nyai<\/span><\/p>\n<p style=\"margin-top: 0cm;text-align: justify;background: white\"><span style=\"font-size: 15.0pt;color: #1e2326\">Dr. Menyh\u00e1rt Ot\u00edlia: M\u00e9lytanul\u00e1s<\/span><\/p>\n<p style=\"margin-top: 0cm;text-align: justify;background: white\"><span style=\"font-size: 15.0pt;color: #1e2326\">\u00a0<\/span><\/p>\n","protected":false},"excerpt":{"rendered":"<p>Az MTA \u00dcd\u00fcl\u00e9si K\u00f6zpontja k\u00edn\u00e1lta idillikus k\u00f6rnyezetben imm\u00e1r m\u00e1sodik alkalommal ker\u00fclt megrendez\u00e9sre k\u00e9tnapos tansz\u00e9ki konferenci\u00e1nk Balatonalm\u00e1diban. Int\u00e9zet\u00fcnk aktu\u00e1lis kutat\u00e1si projektjeinek ismertet\u00e9se mellett id\u00e9n az \u0151szi tantermi el\u0151ad\u00e1sok bemutat\u00e1s\u00e1ra ker\u00fclt sor. Emellett egy workshopot is meghallgathattunk a \u201eTudom\u00e1nyos cikkek \u00e9s egy\u00e9b \u00edr\u00e1sok stilisztikai jegyei\u201d c\u00edmmel \u00e9s a Scientometrics.org projekt is sz\u00f3ba ker\u00fclt. Az el\u0151ad\u00e1sok ut\u00e1n tansz\u00e9k\u00fcnk &hellip;<\/p>\n","protected":false},"author":102018,"featured_media":9436,"comment_status":"closed","ping_status":"closed","sticky":false,"template":"","format":"standard","meta":{"_acf_changed":false,"footnotes":""},"categories":[2],"tags":[],"class_list":["post-9434","post","type-post","status-publish","format-standard","has-post-thumbnail","hentry","category-hirek"],"acf":[],"_links":{"self":[{"href":"https:\/\/semmelweis.hu\/bioinformatika\/wp-json\/wp\/v2\/posts\/9434","targetHints":{"allow":["GET"]}}],"collection":[{"href":"https:\/\/semmelweis.hu\/bioinformatika\/wp-json\/wp\/v2\/posts"}],"about":[{"href":"https:\/\/semmelweis.hu\/bioinformatika\/wp-json\/wp\/v2\/types\/post"}],"author":[{"embeddable":true,"href":"https:\/\/semmelweis.hu\/bioinformatika\/wp-json\/wp\/v2\/users\/102018"}],"replies":[{"embeddable":true,"href":"https:\/\/semmelweis.hu\/bioinformatika\/wp-json\/wp\/v2\/comments?post=9434"}],"version-history":[{"count":10,"href":"https:\/\/semmelweis.hu\/bioinformatika\/wp-json\/wp\/v2\/posts\/9434\/revisions"}],"predecessor-version":[{"id":9446,"href":"https:\/\/semmelweis.hu\/bioinformatika\/wp-json\/wp\/v2\/posts\/9434\/revisions\/9446"}],"wp:featuredmedia":[{"embeddable":true,"href":"https:\/\/semmelweis.hu\/bioinformatika\/wp-json\/wp\/v2\/media\/9436"}],"wp:attachment":[{"href":"https:\/\/semmelweis.hu\/bioinformatika\/wp-json\/wp\/v2\/media?parent=9434"}],"wp:term":[{"taxonomy":"category","embeddable":true,"href":"https:\/\/semmelweis.hu\/bioinformatika\/wp-json\/wp\/v2\/categories?post=9434"},{"taxonomy":"post_tag","embeddable":true,"href":"https:\/\/semmelweis.hu\/bioinformatika\/wp-json\/wp\/v2\/tags?post=9434"}],"curies":[{"name":"wp","href":"https:\/\/api.w.org\/{rel}","templated":true}]}}