{"id":9286,"date":"2023-06-09T10:49:50","date_gmt":"2023-06-09T08:49:50","guid":{"rendered":"https:\/\/semmelweis.hu\/bioinformatika\/?p=9286"},"modified":"2023-06-09T10:49:50","modified_gmt":"2023-06-09T08:49:50","slug":"az-elixir-magyarorszag-2023-as-tavaszi-bioinformatikai-konferenciaja-majus-17-en-kerult-megrendezesre","status":"publish","type":"post","link":"https:\/\/semmelweis.hu\/bioinformatika\/az-elixir-magyarorszag-2023-as-tavaszi-bioinformatikai-konferenciaja-majus-17-en-kerult-megrendezesre\/","title":{"rendered":"Az ELIXIR Magyarorsz\u00e1g 2023-as Tavaszi Bioinformatikai Konferenci\u00e1ja m\u00e1jus 17-\u00e9n ker\u00fclt megrendez\u00e9sre"},"content":{"rendered":"<p><img loading=\"lazy\" decoding=\"async\" class=\"size-full wp-image-9295 alignleft\" src=\"https:\/\/semmelweis.hu\/bioinformatika\/files\/2023\/06\/Elixir-konferencia352_360.jpg\" alt=\"\" width=\"352\" height=\"360\" \/>A Bioinformatika Tansz\u00e9k kutat\u00f3i is el\u0151adtak az ELIXIR Magyarorsz\u00e1g 2023-as Tavaszi Bioinformatikai Konferenci\u00e1j\u00e1n. A m\u00e1jus 17-\u00e9n megrendezett konferenci\u00e1t <strong>Prof. Dr. Gy\u0151rffy Bal\u00e1zs<\/strong>, a Bioinformatika Tansz\u00e9k vezet\u0151 professzora, mint az ELIXIR magyarorsz\u00e1gi csom\u00f3pontj\u00e1nak vezet\u0151je nyitotta meg, majd <strong>Dr. Lengyel L\u00e1szl\u00f3<\/strong><span style=\"font-style: inherit;font-weight: inherit\">, az NKFIH \u00faj aleln\u00f6ke k\u00f6sz\u00f6nt\u00f6tte a hallgat\u00f3s\u00e1got. Az <\/span>\u00f6sszesen 92 kutat\u00f3 \u00e9s PhD hallgat\u00f3 r\u00e9szv\u00e9tel\u00e9vel szervezett konferencia t\u00e9m\u00e1i sokr\u00e9t\u0171en mutatt\u00e1k be a bioinformatikai m\u00f3dszerek alkalmazhat\u00f3s\u00e1g\u00e1t \u00e9s kih\u00edv\u00e1sait t\u00f6bbf\u00e9le tudom\u00e1nyter\u00fcletre kiterjed\u0151en. A 21 elhangzott el\u0151ad\u00e1s k\u00f6z\u00f6tt tansz\u00e9k\u00fcnk koll\u00e9g\u00e1i, Dr. Fekete J\u00e1nos \u00e9s Dr. Menyhart Ot\u00edlia is szerepeltek, biomarkerek azonos\u00edt\u00e1s\u00e1ra alkalmas ROC elemz\u00e9sen alapul\u00f3 illetve a t\u00f6bbsz\u00f6r\u00f6s hipot\u00e9zis teszt sor\u00e1n p-\u00e9rt\u00e9k korrekci\u00f3ra alkalmas webes eszk\u00f6z\u00f6ket bemutatva.<\/p>\n","protected":false},"excerpt":{"rendered":"<p>A Bioinformatika Tansz\u00e9k kutat\u00f3i is el\u0151adtak az ELIXIR Magyarorsz\u00e1g 2023-as Tavaszi Bioinformatikai Konferenci\u00e1j\u00e1n. A m\u00e1jus 17-\u00e9n megrendezett konferenci\u00e1t Prof. Dr. Gy\u0151rffy Bal\u00e1zs, a Bioinformatika Tansz\u00e9k vezet\u0151 professzora, mint az ELIXIR magyarorsz\u00e1gi csom\u00f3pontj\u00e1nak vezet\u0151je nyitotta meg, majd Dr. Lengyel L\u00e1szl\u00f3, az NKFIH \u00faj aleln\u00f6ke k\u00f6sz\u00f6nt\u00f6tte a hallgat\u00f3s\u00e1got. Az \u00f6sszesen 92 kutat\u00f3 \u00e9s PhD hallgat\u00f3 r\u00e9szv\u00e9tel\u00e9vel szervezett &hellip;<\/p>\n","protected":false},"author":102018,"featured_media":9294,"comment_status":"closed","ping_status":"closed","sticky":false,"template":"","format":"standard","meta":{"_acf_changed":false,"footnotes":""},"categories":[2],"tags":[],"class_list":["post-9286","post","type-post","status-publish","format-standard","has-post-thumbnail","hentry","category-hirek"],"acf":[],"_links":{"self":[{"href":"https:\/\/semmelweis.hu\/bioinformatika\/wp-json\/wp\/v2\/posts\/9286","targetHints":{"allow":["GET"]}}],"collection":[{"href":"https:\/\/semmelweis.hu\/bioinformatika\/wp-json\/wp\/v2\/posts"}],"about":[{"href":"https:\/\/semmelweis.hu\/bioinformatika\/wp-json\/wp\/v2\/types\/post"}],"author":[{"embeddable":true,"href":"https:\/\/semmelweis.hu\/bioinformatika\/wp-json\/wp\/v2\/users\/102018"}],"replies":[{"embeddable":true,"href":"https:\/\/semmelweis.hu\/bioinformatika\/wp-json\/wp\/v2\/comments?post=9286"}],"version-history":[{"count":2,"href":"https:\/\/semmelweis.hu\/bioinformatika\/wp-json\/wp\/v2\/posts\/9286\/revisions"}],"predecessor-version":[{"id":9296,"href":"https:\/\/semmelweis.hu\/bioinformatika\/wp-json\/wp\/v2\/posts\/9286\/revisions\/9296"}],"wp:featuredmedia":[{"embeddable":true,"href":"https:\/\/semmelweis.hu\/bioinformatika\/wp-json\/wp\/v2\/media\/9294"}],"wp:attachment":[{"href":"https:\/\/semmelweis.hu\/bioinformatika\/wp-json\/wp\/v2\/media?parent=9286"}],"wp:term":[{"taxonomy":"category","embeddable":true,"href":"https:\/\/semmelweis.hu\/bioinformatika\/wp-json\/wp\/v2\/categories?post=9286"},{"taxonomy":"post_tag","embeddable":true,"href":"https:\/\/semmelweis.hu\/bioinformatika\/wp-json\/wp\/v2\/tags?post=9286"}],"curies":[{"name":"wp","href":"https:\/\/api.w.org\/{rel}","templated":true}]}}