{"id":9276,"date":"2023-06-06T14:04:41","date_gmt":"2023-06-06T12:04:41","guid":{"rendered":"https:\/\/semmelweis.hu\/bioinformatika\/?p=9276"},"modified":"2023-06-06T14:05:30","modified_gmt":"2023-06-06T12:05:30","slug":"uj-kfi-kapcsolattarto","status":"publish","type":"post","link":"https:\/\/semmelweis.hu\/bioinformatika\/uj-kfi-kapcsolattarto\/","title":{"rendered":"\u00daj KFI Kapcsolattart\u00f3"},"content":{"rendered":"<div class=\"ydpc4d1058fyahoo-style-wrap\">\n<div>\n<div dir=\"ltr\" data-setdir=\"false\">\n<div>\n<figure id=\"attachment_9279\" aria-describedby=\"caption-attachment-9279\" style=\"width: 240px\" class=\"wp-caption alignleft\"><img loading=\"lazy\" decoding=\"async\" class=\"wp-image-9279\" src=\"https:\/\/semmelweis.hu\/bioinformatika\/files\/2023\/06\/Munkacsy-Gyongyi_262_350.jpg\" alt=\"\" width=\"240\" height=\"321\" \/><figcaption id=\"caption-attachment-9279\" class=\"wp-caption-text\">Dr. Munk\u00e1csy Gy\u00f6ngyi<\/figcaption><\/figure><\/p>\n<p class=\"ydpa079ab6bMsoNormal\">A 2021-ben l\u00e9trej\u00f6tt egyetemi kutat\u00e1s-fejleszt\u00e9st \u00e9s innov\u00e1ci\u00f3t seg\u00edt\u0151 rendszer c\u00e9lja a Semmelweis Egyetemen foly\u00f3 tudom\u00e1nyos tev\u00e9kenys\u00e9g min\u0151s\u00e9g\u00e9nek, hat\u00e9konys\u00e1g\u00e1nak, volumen\u00e9nek \u00e9s bev\u00e9telt termel\u0151 k\u00e9pess\u00e9g\u00e9nek a n\u00f6vel\u00e9se, ami alapvet\u0151 fontoss\u00e1g\u00fa a tansz\u00e9kek \u00e9s \u00edgy az Egyetem rangsorokban val\u00f3 tov\u00e1bbi el\u0151rel\u00e9p\u00e9shez. Dr. Munk\u00e1csy Gy\u00f6ngyi a Bioinformatika Tansz\u00e9k core facility menedzserek\u00e9nt kor\u00e1bban is egy\u00fcttm\u0171k\u00f6d\u00f6tt az Innov\u00e1ci\u00f3s K\u00f6zponttal, \u00e9s j\u00fanius 1-t\u0151l KFI Kapcsolattart\u00f3k\u00e9nt is seg\u00edti a Tansz\u00e9k el\u0151remenetel\u00e9t.<\/p>\n<\/div>\n<\/div>\n<\/div>\n<\/div>\n","protected":false},"excerpt":{"rendered":"<p>A 2021-ben l\u00e9trej\u00f6tt egyetemi kutat\u00e1s-fejleszt\u00e9st \u00e9s innov\u00e1ci\u00f3t seg\u00edt\u0151 rendszer c\u00e9lja a Semmelweis Egyetemen foly\u00f3 tudom\u00e1nyos tev\u00e9kenys\u00e9g min\u0151s\u00e9g\u00e9nek, hat\u00e9konys\u00e1g\u00e1nak, volumen\u00e9nek \u00e9s bev\u00e9telt termel\u0151 k\u00e9pess\u00e9g\u00e9nek a n\u00f6vel\u00e9se, ami alapvet\u0151 fontoss\u00e1g\u00fa a tansz\u00e9kek \u00e9s \u00edgy az Egyetem rangsorokban val\u00f3 tov\u00e1bbi el\u0151rel\u00e9p\u00e9shez. Dr. Munk\u00e1csy Gy\u00f6ngyi a Bioinformatika Tansz\u00e9k core facility menedzserek\u00e9nt kor\u00e1bban is egy\u00fcttm\u0171k\u00f6d\u00f6tt az Innov\u00e1ci\u00f3s K\u00f6zponttal, \u00e9s j\u00fanius &hellip;<\/p>\n","protected":false},"author":102018,"featured_media":9278,"comment_status":"closed","ping_status":"closed","sticky":false,"template":"","format":"standard","meta":{"_acf_changed":false,"footnotes":""},"categories":[2],"tags":[],"class_list":["post-9276","post","type-post","status-publish","format-standard","has-post-thumbnail","hentry","category-hirek"],"acf":[],"_links":{"self":[{"href":"https:\/\/semmelweis.hu\/bioinformatika\/wp-json\/wp\/v2\/posts\/9276","targetHints":{"allow":["GET"]}}],"collection":[{"href":"https:\/\/semmelweis.hu\/bioinformatika\/wp-json\/wp\/v2\/posts"}],"about":[{"href":"https:\/\/semmelweis.hu\/bioinformatika\/wp-json\/wp\/v2\/types\/post"}],"author":[{"embeddable":true,"href":"https:\/\/semmelweis.hu\/bioinformatika\/wp-json\/wp\/v2\/users\/102018"}],"replies":[{"embeddable":true,"href":"https:\/\/semmelweis.hu\/bioinformatika\/wp-json\/wp\/v2\/comments?post=9276"}],"version-history":[{"count":3,"href":"https:\/\/semmelweis.hu\/bioinformatika\/wp-json\/wp\/v2\/posts\/9276\/revisions"}],"predecessor-version":[{"id":9281,"href":"https:\/\/semmelweis.hu\/bioinformatika\/wp-json\/wp\/v2\/posts\/9276\/revisions\/9281"}],"wp:featuredmedia":[{"embeddable":true,"href":"https:\/\/semmelweis.hu\/bioinformatika\/wp-json\/wp\/v2\/media\/9278"}],"wp:attachment":[{"href":"https:\/\/semmelweis.hu\/bioinformatika\/wp-json\/wp\/v2\/media?parent=9276"}],"wp:term":[{"taxonomy":"category","embeddable":true,"href":"https:\/\/semmelweis.hu\/bioinformatika\/wp-json\/wp\/v2\/categories?post=9276"},{"taxonomy":"post_tag","embeddable":true,"href":"https:\/\/semmelweis.hu\/bioinformatika\/wp-json\/wp\/v2\/tags?post=9276"}],"curies":[{"name":"wp","href":"https:\/\/api.w.org\/{rel}","templated":true}]}}