{"id":9273,"date":"2023-07-18T11:28:43","date_gmt":"2023-07-18T09:28:43","guid":{"rendered":"https:\/\/semmelweis.hu\/bioinformatika\/?p=9273"},"modified":"2023-07-18T11:28:43","modified_gmt":"2023-07-18T09:28:43","slug":"megkezdodott-az-onkobankos-mintak-szekvenalasa","status":"publish","type":"post","link":"https:\/\/semmelweis.hu\/bioinformatika\/megkezdodott-az-onkobankos-mintak-szekvenalasa\/","title":{"rendered":"Megkezd\u0151d\u00f6tt az Onkobankos mint\u00e1k szekven\u00e1l\u00e1sa"},"content":{"rendered":"<div class=\"ydp702b3cbdyahoo-style-wrap\">\n<div>\n<div dir=\"ltr\" data-setdir=\"false\">\n<div>\n<p class=\"ydp5356ad92MsoNormal\"><img loading=\"lazy\" decoding=\"async\" class=\" wp-image-9279 alignleft\" src=\"https:\/\/semmelweis.hu\/bioinformatika\/files\/2023\/06\/Munkacsy-Gyongyi_262_350.jpg\" alt=\"\" width=\"229\" height=\"306\" \/>M\u00e1jusban elkezd\u0151d\u00f6tt a Semmelweis Onkobankban gy\u0171jt\u00f6tt \u00e9s t\u00e1rolt mint\u00e1k transzkriptomikai vizsg\u00e1lata. A mint\u00e1k RNS izol\u00e1l\u00e1s\u00e1t, min\u0151s\u00e9gi ellen\u0151rz\u00e9s\u00e9t \u00e9s a szekven\u00e1l\u00e1st megel\u0151z\u0151 k\u00f6nyvt\u00e1rk\u00e9sz\u00edt\u00e9st Dr. Munk\u00e1csy Gy\u00f6ngyi egyetemi adjunktus v\u00e9gzi. Az el\u0151zetes eredm\u00e9nyek szerint a gy\u0171jt\u00f6tt mint\u00e1k min\u0151s\u00e9ge \u00e9s mennyis\u00e9ge megfelel\u0151 az RNA-Seq vizsg\u00e1lathoz, ami a mintagy\u0171jt\u00e9s, -sz\u00e1ll\u00edt\u00e1s \u00e9s \u2013t\u00e1rol\u00e1s sor\u00e1n t\u00f6rt\u00e9n\u0151 precizit\u00e1st t\u00fckr\u00f6zik a partnerint\u00e9zm\u00e9nyek r\u00e9sz\u00e9r\u0151l<\/p>\n<\/div>\n<\/div>\n<\/div>\n<\/div>\n","protected":false},"excerpt":{"rendered":"<p>M\u00e1jusban elkezd\u0151d\u00f6tt a Semmelweis Onkobankban gy\u0171jt\u00f6tt \u00e9s t\u00e1rolt mint\u00e1k transzkriptomikai vizsg\u00e1lata. A mint\u00e1k RNS izol\u00e1l\u00e1s\u00e1t, min\u0151s\u00e9gi ellen\u0151rz\u00e9s\u00e9t \u00e9s a szekven\u00e1l\u00e1st megel\u0151z\u0151 k\u00f6nyvt\u00e1rk\u00e9sz\u00edt\u00e9st Dr. Munk\u00e1csy Gy\u00f6ngyi egyetemi adjunktus v\u00e9gzi. Az el\u0151zetes eredm\u00e9nyek szerint a gy\u0171jt\u00f6tt mint\u00e1k min\u0151s\u00e9ge \u00e9s mennyis\u00e9ge megfelel\u0151 az RNA-Seq vizsg\u00e1lathoz, ami a mintagy\u0171jt\u00e9s, -sz\u00e1ll\u00edt\u00e1s \u00e9s \u2013t\u00e1rol\u00e1s sor\u00e1n t\u00f6rt\u00e9n\u0151 precizit\u00e1st t\u00fckr\u00f6zik a partnerint\u00e9zm\u00e9nyek r\u00e9sz\u00e9r\u0151l &hellip;<\/p>\n","protected":false},"author":102018,"featured_media":9275,"comment_status":"closed","ping_status":"closed","sticky":false,"template":"","format":"standard","meta":{"_acf_changed":false,"footnotes":""},"categories":[2],"tags":[],"class_list":["post-9273","post","type-post","status-publish","format-standard","has-post-thumbnail","hentry","category-hirek"],"acf":[],"_links":{"self":[{"href":"https:\/\/semmelweis.hu\/bioinformatika\/wp-json\/wp\/v2\/posts\/9273","targetHints":{"allow":["GET"]}}],"collection":[{"href":"https:\/\/semmelweis.hu\/bioinformatika\/wp-json\/wp\/v2\/posts"}],"about":[{"href":"https:\/\/semmelweis.hu\/bioinformatika\/wp-json\/wp\/v2\/types\/post"}],"author":[{"embeddable":true,"href":"https:\/\/semmelweis.hu\/bioinformatika\/wp-json\/wp\/v2\/users\/102018"}],"replies":[{"embeddable":true,"href":"https:\/\/semmelweis.hu\/bioinformatika\/wp-json\/wp\/v2\/comments?post=9273"}],"version-history":[{"count":3,"href":"https:\/\/semmelweis.hu\/bioinformatika\/wp-json\/wp\/v2\/posts\/9273\/revisions"}],"predecessor-version":[{"id":9461,"href":"https:\/\/semmelweis.hu\/bioinformatika\/wp-json\/wp\/v2\/posts\/9273\/revisions\/9461"}],"wp:featuredmedia":[{"embeddable":true,"href":"https:\/\/semmelweis.hu\/bioinformatika\/wp-json\/wp\/v2\/media\/9275"}],"wp:attachment":[{"href":"https:\/\/semmelweis.hu\/bioinformatika\/wp-json\/wp\/v2\/media?parent=9273"}],"wp:term":[{"taxonomy":"category","embeddable":true,"href":"https:\/\/semmelweis.hu\/bioinformatika\/wp-json\/wp\/v2\/categories?post=9273"},{"taxonomy":"post_tag","embeddable":true,"href":"https:\/\/semmelweis.hu\/bioinformatika\/wp-json\/wp\/v2\/tags?post=9273"}],"curies":[{"name":"wp","href":"https:\/\/api.w.org\/{rel}","templated":true}]}}