{"id":9268,"date":"2023-06-21T13:47:39","date_gmt":"2023-06-21T11:47:39","guid":{"rendered":"https:\/\/semmelweis.hu\/bioinformatika\/?p=9268"},"modified":"2023-06-22T14:24:28","modified_gmt":"2023-06-22T12:24:28","slug":"megjelent-dr-balint-balint-laszlo-uj-kozlemenye-a-scientific-reports-cimu-folyoiratban","status":"publish","type":"post","link":"https:\/\/semmelweis.hu\/bioinformatika\/megjelent-dr-balint-balint-laszlo-uj-kozlemenye-a-scientific-reports-cimu-folyoiratban\/","title":{"rendered":"Megjelent Dr. B\u00e1lint B\u00e1lint L\u00e1szl\u00f3 \u00faj k\u00f6zlem\u00e9nye a Scientific Reports c\u00edm\u0171 foly\u00f3iratban"},"content":{"rendered":"<p><img loading=\"lazy\" decoding=\"async\" class=\"size-full wp-image-9271 alignleft\" src=\"https:\/\/semmelweis.hu\/bioinformatika\/files\/2023\/06\/scientific-reports-280_174.png\" alt=\"\" width=\"280\" height=\"174\" \/>A PARP2 egy olyan enzimt\u00edpus, amely seg\u00edt a DNS-jav\u00edt\u00e1sban. Azonban m\u00e1s funkci\u00f3i is vannak, amelyek azzal kapcsolatosak, hogy sejtjeink hogyan dolgozz\u00e1k fel az energi\u00e1t \u00e9s a zs\u00edrokat. Amikor bizonyos gy\u00f3gyszereket haszn\u00e1lunk, amelyek g\u00e1tolj\u00e1k a PARP enzimeket, a PARP2 nem k\u00edv\u00e1nt mell\u00e9khat\u00e1sokat okozhat. Kor\u00e1bbi kutat\u00e1sok sor\u00e1n a tud\u00f3sok meg\u00e1llap\u00edtott\u00e1k, hogy amikor a PARP2-t elt\u00e1vol\u00edtj\u00e1k a sejtekb\u0151l, az oxidat\u00edv stresszhez vezet, \u00e9s a mitokondriumok (a sejt energiagy\u00e1rai) sz\u00e9tes\u00e9s\u00e9t okozza. Hogy meg\u00e9rts\u00e9k, honnan sz\u00e1rmaznak ezek a k\u00e1ros anyagok, a kutat\u00f3k az NRF2 nev\u0171 feh\u00e9rj\u00e9t vizsg\u00e1lt\u00e1k, amely a sejt oxidat\u00edv k\u00e1rosod\u00e1s elleni v\u00e9dekez\u00e9s\u00e9nek kulcsfontoss\u00e1g\u00fa szab\u00e1lyoz\u00f3ja. Azt tal\u00e1lt\u00e1k, hogy a PARP2 elt\u00e1vol\u00edt\u00e1sa nem v\u00e1ltoztatta meg az NRF2 feh\u00e9rje mennyis\u00e9g\u00e9t, de befoly\u00e1solta, hogy hol helyezkedik el a sejten bel\u00fcl. Az NRF2 akt\u00edv form\u00e1ja \u00e1ltal\u00e1ban a sejtmagban (a sejt ir\u00e1ny\u00edt\u00f3 k\u00f6zpontj\u00e1ban) tal\u00e1lhat\u00f3, de amikor a PARP2 hi\u00e1nyzott, kevesebb NRF2 volt a sejtmagban. A PARP2 gy\u00f3gyszeres g\u00e1tl\u00e1s\u00e1val r\u00e9szben vissza tudt\u00e1k \u00e1ll\u00edtani az NRF2 norm\u00e1lis elhelyezked\u00e9s\u00e9t. Azt is meg\u00e1llap\u00edtott\u00e1k, hogy a PARP2 egy PAR nev\u0171 k\u00e9miai csoportot ad az NRF2-hez, amely fontosnak t\u0171nik az NRF2 sejtben val\u00f3 elhelyezked\u00e9s\u00e9nek szab\u00e1lyoz\u00e1s\u00e1ban. Amikor a PARP2-t eln\u00e9m\u00edtott\u00e1k, az antioxid\u00e1ns v\u00e9delemben r\u00e9szt vev\u0151 feh\u00e9rj\u00e9ket termel\u0151 g\u00e9nek kifejez\u0151d\u00e9se \u00e1trendez\u0151d\u00f6tt, bele\u00e9rtve n\u00e9h\u00e1ny olyan g\u00e9nt is, amely az NRF2-t\u0151l f\u00fcgg.<\/p>\n<p>A teljes k\u00f6zlem\u00e9ny, melynek c\u00edme \u201ePARP2 poly(ADP-ribosyl)ates nuclear factor erythroid 2-related factor 2 (NRF2) affecting NRF2 subcellular localization\u201d<a href=\"https:\/\/www.nature.com\/articles\/s41598-023-35076-w\" target=\"_blank\" rel=\"noopener\">\u00a0ide kattintva<\/a>\u00a0\u00e9rhet\u0151 el.<\/p>\n<p>&nbsp;<\/p>\n<h1 class=\"heading-title\">\u00a0<\/h1>\n","protected":false},"excerpt":{"rendered":"<p>A PARP2 egy olyan enzimt\u00edpus, amely seg\u00edt a DNS-jav\u00edt\u00e1sban. Azonban m\u00e1s funkci\u00f3i is vannak, amelyek azzal kapcsolatosak, hogy sejtjeink hogyan dolgozz\u00e1k fel az energi\u00e1t \u00e9s a zs\u00edrokat. Amikor bizonyos gy\u00f3gyszereket haszn\u00e1lunk, amelyek g\u00e1tolj\u00e1k a PARP enzimeket, a PARP2 nem k\u00edv\u00e1nt mell\u00e9khat\u00e1sokat okozhat. Kor\u00e1bbi kutat\u00e1sok sor\u00e1n a tud\u00f3sok meg\u00e1llap\u00edtott\u00e1k, hogy amikor a PARP2-t elt\u00e1vol\u00edtj\u00e1k a sejtekb\u0151l, &hellip;<\/p>\n","protected":false},"author":102018,"featured_media":9288,"comment_status":"closed","ping_status":"closed","sticky":false,"template":"","format":"standard","meta":{"_acf_changed":false,"footnotes":""},"categories":[2],"tags":[],"class_list":["post-9268","post","type-post","status-publish","format-standard","has-post-thumbnail","hentry","category-hirek"],"acf":[],"_links":{"self":[{"href":"https:\/\/semmelweis.hu\/bioinformatika\/wp-json\/wp\/v2\/posts\/9268","targetHints":{"allow":["GET"]}}],"collection":[{"href":"https:\/\/semmelweis.hu\/bioinformatika\/wp-json\/wp\/v2\/posts"}],"about":[{"href":"https:\/\/semmelweis.hu\/bioinformatika\/wp-json\/wp\/v2\/types\/post"}],"author":[{"embeddable":true,"href":"https:\/\/semmelweis.hu\/bioinformatika\/wp-json\/wp\/v2\/users\/102018"}],"replies":[{"embeddable":true,"href":"https:\/\/semmelweis.hu\/bioinformatika\/wp-json\/wp\/v2\/comments?post=9268"}],"version-history":[{"count":5,"href":"https:\/\/semmelweis.hu\/bioinformatika\/wp-json\/wp\/v2\/posts\/9268\/revisions"}],"predecessor-version":[{"id":9345,"href":"https:\/\/semmelweis.hu\/bioinformatika\/wp-json\/wp\/v2\/posts\/9268\/revisions\/9345"}],"wp:featuredmedia":[{"embeddable":true,"href":"https:\/\/semmelweis.hu\/bioinformatika\/wp-json\/wp\/v2\/media\/9288"}],"wp:attachment":[{"href":"https:\/\/semmelweis.hu\/bioinformatika\/wp-json\/wp\/v2\/media?parent=9268"}],"wp:term":[{"taxonomy":"category","embeddable":true,"href":"https:\/\/semmelweis.hu\/bioinformatika\/wp-json\/wp\/v2\/categories?post=9268"},{"taxonomy":"post_tag","embeddable":true,"href":"https:\/\/semmelweis.hu\/bioinformatika\/wp-json\/wp\/v2\/tags?post=9268"}],"curies":[{"name":"wp","href":"https:\/\/api.w.org\/{rel}","templated":true}]}}