{"id":9257,"date":"2023-06-01T11:24:27","date_gmt":"2023-06-01T09:24:27","guid":{"rendered":"https:\/\/semmelweis.hu\/bioinformatika\/?p=9257"},"modified":"2023-06-01T11:24:27","modified_gmt":"2023-06-01T09:24:27","slug":"dr-szasz-marcell-iranyitasaval-elindult-a-neohterma-klinikai-vizsgalat","status":"publish","type":"post","link":"https:\/\/semmelweis.hu\/bioinformatika\/dr-szasz-marcell-iranyitasaval-elindult-a-neohterma-klinikai-vizsgalat\/","title":{"rendered":"Dr. Sz\u00e1sz Marcell ir\u00e1ny\u00edt\u00e1s\u00e1val elindult a NeoHTerma klinikai vizsg\u00e1lat"},"content":{"rendered":"<div class=\"moz-forward-container\">\n<div dir=\"ltr\">\n<div><img loading=\"lazy\" decoding=\"async\" class=\" wp-image-9262 alignleft\" src=\"https:\/\/semmelweis.hu\/bioinformatika\/files\/2023\/06\/Gyorgy-Dorka-es-Szasz-Marcell-plakat-nelkul_260_345.jpg\" alt=\"\" width=\"246\" height=\"326\" \/>Dr. Sz\u00e1sz Marcell ir\u00e1ny\u00edt\u00e1s\u00e1val elindult a NeoHTerma klinikai vizsg\u00e1lat, melynek keretein bel\u00fcl a kedvez\u0151tlen progn\u00f3zis\u00fa hormon-receptor negat\u00edv eml\u0151karcin\u00f3m\u00e1val diagnosztiz\u00e1lt p\u00e1ciensek a neoadjuv\u00e1ns kemoter\u00e1pia mellett innovat\u00edv h\u0151ter\u00e1pi\u00e1s kezel\u00e9sben r\u00e9szes\u00fclnek. A betegekt\u0151l sz\u00e1rmaz\u00f3 v\u00e9rmint\u00e1k a Semmelweis Egyetem Bioinformatika Tansz\u00e9k\u00e9n tal\u00e1lhat\u00f3 Onkobank-ban ker\u00fclnek elhelyez\u00e9sre, melyekb\u0151l el\u0151feldolgoz\u00e1st k\u00f6vet\u0151en a h\u0151ter\u00e1pia sikeress\u00e9g\u00e9t el\u0151rejelz\u0151 biomarkereket vizsg\u00e1lat\u00e1ra ker\u00fcl sor. A Bioinformatika Tansz\u00e9k harmad\u00e9ves TDK-hallgat\u00f3ja Gy\u00f6rgy Dorka, Dr. Menyh\u00e1rt Ot\u00edlia t\u00e9mavezet\u00e9s\u00e9vel vesz r\u00e9szt a mint\u00e1k gy\u0171jt\u00e9s\u00e9ben \u00e9s el\u0151feldolgoz\u00e1s\u00e1ban. A klinikai vizsg\u00e1lat a Semmelweis Egyetem \u00e9s a Lund University k\u00f6z\u00f6tt megval\u00f3sul\u00f3 kollabor\u00e1ci\u00f3 eredm\u00e9nye.<\/div>\n<\/div>\n<\/div>\n","protected":false},"excerpt":{"rendered":"<p>Dr. Sz\u00e1sz Marcell ir\u00e1ny\u00edt\u00e1s\u00e1val elindult a NeoHTerma klinikai vizsg\u00e1lat, melynek keretein bel\u00fcl a kedvez\u0151tlen progn\u00f3zis\u00fa hormon-receptor negat\u00edv eml\u0151karcin\u00f3m\u00e1val diagnosztiz\u00e1lt p\u00e1ciensek a neoadjuv\u00e1ns kemoter\u00e1pia mellett innovat\u00edv h\u0151ter\u00e1pi\u00e1s kezel\u00e9sben r\u00e9szes\u00fclnek. A betegekt\u0151l sz\u00e1rmaz\u00f3 v\u00e9rmint\u00e1k a Semmelweis Egyetem Bioinformatika Tansz\u00e9k\u00e9n tal\u00e1lhat\u00f3 Onkobank-ban ker\u00fclnek elhelyez\u00e9sre, melyekb\u0151l el\u0151feldolgoz\u00e1st k\u00f6vet\u0151en a h\u0151ter\u00e1pia sikeress\u00e9g\u00e9t el\u0151rejelz\u0151 biomarkereket vizsg\u00e1lat\u00e1ra ker\u00fcl sor. A Bioinformatika Tansz\u00e9k &hellip;<\/p>\n","protected":false},"author":102018,"featured_media":9259,"comment_status":"closed","ping_status":"closed","sticky":false,"template":"","format":"standard","meta":{"_acf_changed":false,"footnotes":""},"categories":[2],"tags":[],"class_list":["post-9257","post","type-post","status-publish","format-standard","has-post-thumbnail","hentry","category-hirek"],"acf":[],"_links":{"self":[{"href":"https:\/\/semmelweis.hu\/bioinformatika\/wp-json\/wp\/v2\/posts\/9257","targetHints":{"allow":["GET"]}}],"collection":[{"href":"https:\/\/semmelweis.hu\/bioinformatika\/wp-json\/wp\/v2\/posts"}],"about":[{"href":"https:\/\/semmelweis.hu\/bioinformatika\/wp-json\/wp\/v2\/types\/post"}],"author":[{"embeddable":true,"href":"https:\/\/semmelweis.hu\/bioinformatika\/wp-json\/wp\/v2\/users\/102018"}],"replies":[{"embeddable":true,"href":"https:\/\/semmelweis.hu\/bioinformatika\/wp-json\/wp\/v2\/comments?post=9257"}],"version-history":[{"count":4,"href":"https:\/\/semmelweis.hu\/bioinformatika\/wp-json\/wp\/v2\/posts\/9257\/revisions"}],"predecessor-version":[{"id":9263,"href":"https:\/\/semmelweis.hu\/bioinformatika\/wp-json\/wp\/v2\/posts\/9257\/revisions\/9263"}],"wp:featuredmedia":[{"embeddable":true,"href":"https:\/\/semmelweis.hu\/bioinformatika\/wp-json\/wp\/v2\/media\/9259"}],"wp:attachment":[{"href":"https:\/\/semmelweis.hu\/bioinformatika\/wp-json\/wp\/v2\/media?parent=9257"}],"wp:term":[{"taxonomy":"category","embeddable":true,"href":"https:\/\/semmelweis.hu\/bioinformatika\/wp-json\/wp\/v2\/categories?post=9257"},{"taxonomy":"post_tag","embeddable":true,"href":"https:\/\/semmelweis.hu\/bioinformatika\/wp-json\/wp\/v2\/tags?post=9257"}],"curies":[{"name":"wp","href":"https:\/\/api.w.org\/{rel}","templated":true}]}}