{"id":9169,"date":"2023-05-05T10:38:56","date_gmt":"2023-05-05T08:38:56","guid":{"rendered":"https:\/\/semmelweis.hu\/bioinformatika\/?p=9169"},"modified":"2023-05-05T15:43:35","modified_gmt":"2023-05-05T13:43:35","slug":"a-nature-communications-aprilisi-szamaban-megjelent-dr-szallasi-zoltannak-tanszekunk-munkatarsanak-a-kozremukodesevel-keszult-cikk","status":"publish","type":"post","link":"https:\/\/semmelweis.hu\/bioinformatika\/a-nature-communications-aprilisi-szamaban-megjelent-dr-szallasi-zoltannak-tanszekunk-munkatarsanak-a-kozremukodesevel-keszult-cikk\/","title":{"rendered":"A Nature \u00e1prilisi sz\u00e1m\u00e1ban megjelent a Dr. Sz\u00e1ll\u00e1si Zolt\u00e1n  k\u00f6zrem\u0171k\u00f6d\u00e9s\u00e9vel k\u00e9sz\u00fclt cikk"},"content":{"rendered":"<p><img loading=\"lazy\" decoding=\"async\" class=\"wp-image-8839 alignleft\" src=\"https:\/\/semmelweis.hu\/bioinformatika\/files\/2023\/02\/Szallasi_Zoltan-kep._230_354jpg.jpg\" alt=\"\" width=\"227\" height=\"345\" \/>A r\u00e1k okozta hal\u00e1lesetek t\u00f6bbs\u00e9g\u00e9t \u00e1tt\u00e9tes betegs\u00e9g okozza, amikor a r\u00e1k a test m\u00e1s r\u00e9szeire is \u00e1tterjed. Ebben a tanulm\u00e1nyban 421 olyan beteg 126 nem kissejtes t\u00fcd\u0151r\u00e1kos daganat\u00e1t elemezt\u00e9k, akikn\u00e9l \u00e1tt\u00e9tes betegs\u00e9g alakult ki, \u00f6sszehasonl\u00edtva egy 144 nem \u00e1tt\u00e9tes daganatb\u00f3l \u00e1ll\u00f3 kontrollcsoporttal. A kutat\u00f3k azt tal\u00e1lt\u00e1k, hogy az esetek 25%-\u00e1ban az \u00e1tt\u00e9tek kor\u00e1n, az els\u0151dleges tumor utols\u00f3 kl\u00f3ns\u00f6pr\u00e9se el\u0151tt sz\u00e9tv\u00e1ltak. A korai elt\u00e9r\u00e9s gyakoribb volt a doh\u00e1nyosokn\u00e1l \u00e9s a kisebb tumorokn\u00e1l. A tanulm\u00e1ny azt is meg\u00e1llap\u00edtotta, hogy a poliklon\u00e1lis disszemin\u00e1ci\u00f3 \u00f6sszef\u00fcgg\u00f6tt a betegs\u00e9g extrathoracalis ki\u00fajul\u00e1s\u00e1val, \u00e9s a primer nyirokcsom\u00f3betegs\u00e9g az esetek kevesebb mint 20%-\u00e1ban j\u00e1rult hozz\u00e1 az \u00e1tt\u00e9tes ki\u00fajul\u00e1shoz. A metaszt\u00e1zisokat szapor\u00edt\u00f3 szubkl\u00f3nok szubklon\u00e1lis terjeszked\u00e9st mutattak a primer tumorokon bel\u00fcl, ami val\u00f3sz\u00edn\u0171leg pozit\u00edv szelekci\u00f3t t\u00fckr\u00f6z. A tanulm\u00e1ny kiemeli a kiterjedt primer tumor mintav\u00e9telez\u00e9s fontoss\u00e1g\u00e1t, a monoklon\u00e1lis versus poliklon\u00e1lis vet\u00e9s k\u00f6z\u00f6tti k\u00fcl\u00f6nbs\u00e9get a ki\u00fajul\u00e1s hely\u00e9nek meghat\u00e1roz\u00e1s\u00e1ban, valamint annak sz\u00fcks\u00e9gess\u00e9g\u00e9t, hogy strat\u00e9gi\u00e1kat dolgozzanak ki az \u00e1tt\u00e9tet vet\u00edt\u0151 szubkl\u00f3nok c\u00e9lzott kezel\u00e9s\u00e9re a ki\u00fajul\u00e1s el\u0151tt.<\/p>\n<p>A teljes k\u00f6zlem\u00e9ny, melynek c\u00edme: &#8222;The evolution of non-small cell lung cancer metastases in TRACERx&#8221; <a href=\"https:\/\/www.nature.com\/articles\/s41586-023-05729-x\">ide kattintva<\/a> \u00e9rhet\u0151 el.<\/p>\n<p>&nbsp;<\/p>\n<p>&nbsp;<\/p>\n","protected":false},"excerpt":{"rendered":"<p>A r\u00e1k okozta hal\u00e1lesetek t\u00f6bbs\u00e9g\u00e9t \u00e1tt\u00e9tes betegs\u00e9g okozza, amikor a r\u00e1k a test m\u00e1s r\u00e9szeire is \u00e1tterjed. Ebben a tanulm\u00e1nyban 421 olyan beteg 126 nem kissejtes t\u00fcd\u0151r\u00e1kos daganat\u00e1t elemezt\u00e9k, akikn\u00e9l \u00e1tt\u00e9tes betegs\u00e9g alakult ki, \u00f6sszehasonl\u00edtva egy 144 nem \u00e1tt\u00e9tes daganatb\u00f3l \u00e1ll\u00f3 kontrollcsoporttal. A kutat\u00f3k azt tal\u00e1lt\u00e1k, hogy az esetek 25%-\u00e1ban az \u00e1tt\u00e9tek kor\u00e1n, az els\u0151dleges &hellip;<\/p>\n","protected":false},"author":102018,"featured_media":0,"comment_status":"closed","ping_status":"closed","sticky":false,"template":"","format":"standard","meta":{"_acf_changed":false,"footnotes":""},"categories":[2],"tags":[],"class_list":["post-9169","post","type-post","status-publish","format-standard","hentry","category-hirek"],"acf":[],"_links":{"self":[{"href":"https:\/\/semmelweis.hu\/bioinformatika\/wp-json\/wp\/v2\/posts\/9169","targetHints":{"allow":["GET"]}}],"collection":[{"href":"https:\/\/semmelweis.hu\/bioinformatika\/wp-json\/wp\/v2\/posts"}],"about":[{"href":"https:\/\/semmelweis.hu\/bioinformatika\/wp-json\/wp\/v2\/types\/post"}],"author":[{"embeddable":true,"href":"https:\/\/semmelweis.hu\/bioinformatika\/wp-json\/wp\/v2\/users\/102018"}],"replies":[{"embeddable":true,"href":"https:\/\/semmelweis.hu\/bioinformatika\/wp-json\/wp\/v2\/comments?post=9169"}],"version-history":[{"count":10,"href":"https:\/\/semmelweis.hu\/bioinformatika\/wp-json\/wp\/v2\/posts\/9169\/revisions"}],"predecessor-version":[{"id":9193,"href":"https:\/\/semmelweis.hu\/bioinformatika\/wp-json\/wp\/v2\/posts\/9169\/revisions\/9193"}],"wp:attachment":[{"href":"https:\/\/semmelweis.hu\/bioinformatika\/wp-json\/wp\/v2\/media?parent=9169"}],"wp:term":[{"taxonomy":"category","embeddable":true,"href":"https:\/\/semmelweis.hu\/bioinformatika\/wp-json\/wp\/v2\/categories?post=9169"},{"taxonomy":"post_tag","embeddable":true,"href":"https:\/\/semmelweis.hu\/bioinformatika\/wp-json\/wp\/v2\/tags?post=9169"}],"curies":[{"name":"wp","href":"https:\/\/api.w.org\/{rel}","templated":true}]}}