{"id":9049,"date":"2023-04-03T13:05:54","date_gmt":"2023-04-03T11:05:54","guid":{"rendered":"https:\/\/semmelweis.hu\/bioinformatika\/?p=9049"},"modified":"2023-04-03T13:05:54","modified_gmt":"2023-04-03T11:05:54","slug":"dr-alberto-ocana-tartott-eloadast-tanszekunkon-az-antitest-gyogyszer-konjugatumok-adc-fejlesztesenek-lehetosegeirol","status":"publish","type":"post","link":"https:\/\/semmelweis.hu\/bioinformatika\/dr-alberto-ocana-tartott-eloadast-tanszekunkon-az-antitest-gyogyszer-konjugatumok-adc-fejlesztesenek-lehetosegeirol\/","title":{"rendered":"Dr. Alberto Ocana tartott el\u0151ad\u00e1st tansz\u00e9k\u00fcnk\u00f6n az antitest-gy\u00f3gyszer konjug\u00e1tumok (ADC) fejleszt\u00e9s\u00e9nek lehet\u0151s\u00e9geir\u0151l"},"content":{"rendered":"<p><strong>Dr. Alberto Ocana<\/strong>, a madridi Hospital Clinico San Carlos CRIS Cancer K\u00eds\u00e9rleti Ter\u00e1pi\u00e1s oszt\u00e1ly vezet\u0151je, valamint az immunonkol\u00f3giai preklinikai kutat\u00e1si program vezet\u0151je a START Madridban \u00e9s a Fundaci\u00f3n Jim\u00e9nez D\u00edaz k\u00f3rh\u00e1z f\u00e1zis I. vizsg\u00e1lataiban, tartott el\u0151ad\u00e1st tansz\u00e9k\u00fcnk\u00f6n 2023. m\u00e1rcius 24-\u00e9n \u201cIdentification of druggable vulnerabilities in cancer: focus on the development of antibody drug conjugates\u201d c\u00edmmel. Az antitest-gy\u00f3gyszer konjug\u00e1tumokat (ADC-k) c\u00e9lzott immunter\u00e1pi\u00e1kban alkalmazz\u00e1k. A k\u00e9miai linkereken kereszt\u00fcli antitest k\u00f6t\u00e9ssel az er\u0151s citotoxikus hat\u00e1s\u00fa kemoter\u00e1pi\u00e1s szerek c\u00e9lzottan a r\u00e1kos sejtek k\u00f6zvetlen k\u00f6rnyezet\u00e9be jutnak, ezzel jelent\u0151sen n\u00f6velve hat\u00e9konys\u00e1gukat a mell\u00e9khat\u00e1sok cs\u00f6kken\u00e9s\u00e9vel p\u00e1rhuzamosan. A megfelel\u0151, r\u00e1k sejt specifikus antig\u00e9nek felt\u00e9rk\u00e9pez\u00e9se elengedhetetlen az ADC-k fejleszt\u00e9s\u00e9hez. Dr. Ocana, kutat\u00f3 onkol\u00f3gusk\u00e9nt, t\u00f6bb mint 20 \u00e9v tapasztalattal rendelkezik a r\u00e1kkutat\u00e1s \u00e9s gy\u00f3gyszerfejleszt\u00e9s ter\u00fclet\u00e9n, \u00e9s sz\u00e1mos k\u00f6z\u00f6s kutat\u00e1st folytat tansz\u00e9k\u00fcnkkel kollabor\u00e1ci\u00f3ban.<\/p>\n","protected":false},"excerpt":{"rendered":"<p>Dr. Alberto Ocana, a madridi Hospital Clinico San Carlos CRIS Cancer K\u00eds\u00e9rleti Ter\u00e1pi\u00e1s oszt\u00e1ly vezet\u0151je, valamint az immunonkol\u00f3giai preklinikai kutat\u00e1si program vezet\u0151je a START Madridban \u00e9s a Fundaci\u00f3n Jim\u00e9nez D\u00edaz k\u00f3rh\u00e1z f\u00e1zis I. vizsg\u00e1lataiban, tartott el\u0151ad\u00e1st tansz\u00e9k\u00fcnk\u00f6n 2023. m\u00e1rcius 24-\u00e9n \u201cIdentification of druggable vulnerabilities in cancer: focus on the development of antibody drug conjugates\u201d c\u00edmmel. &hellip;<\/p>\n","protected":false},"author":102018,"featured_media":9051,"comment_status":"closed","ping_status":"closed","sticky":false,"template":"","format":"standard","meta":{"_acf_changed":false,"footnotes":""},"categories":[2],"tags":[],"class_list":["post-9049","post","type-post","status-publish","format-standard","has-post-thumbnail","hentry","category-hirek"],"acf":[],"_links":{"self":[{"href":"https:\/\/semmelweis.hu\/bioinformatika\/wp-json\/wp\/v2\/posts\/9049","targetHints":{"allow":["GET"]}}],"collection":[{"href":"https:\/\/semmelweis.hu\/bioinformatika\/wp-json\/wp\/v2\/posts"}],"about":[{"href":"https:\/\/semmelweis.hu\/bioinformatika\/wp-json\/wp\/v2\/types\/post"}],"author":[{"embeddable":true,"href":"https:\/\/semmelweis.hu\/bioinformatika\/wp-json\/wp\/v2\/users\/102018"}],"replies":[{"embeddable":true,"href":"https:\/\/semmelweis.hu\/bioinformatika\/wp-json\/wp\/v2\/comments?post=9049"}],"version-history":[{"count":1,"href":"https:\/\/semmelweis.hu\/bioinformatika\/wp-json\/wp\/v2\/posts\/9049\/revisions"}],"predecessor-version":[{"id":9050,"href":"https:\/\/semmelweis.hu\/bioinformatika\/wp-json\/wp\/v2\/posts\/9049\/revisions\/9050"}],"wp:featuredmedia":[{"embeddable":true,"href":"https:\/\/semmelweis.hu\/bioinformatika\/wp-json\/wp\/v2\/media\/9051"}],"wp:attachment":[{"href":"https:\/\/semmelweis.hu\/bioinformatika\/wp-json\/wp\/v2\/media?parent=9049"}],"wp:term":[{"taxonomy":"category","embeddable":true,"href":"https:\/\/semmelweis.hu\/bioinformatika\/wp-json\/wp\/v2\/categories?post=9049"},{"taxonomy":"post_tag","embeddable":true,"href":"https:\/\/semmelweis.hu\/bioinformatika\/wp-json\/wp\/v2\/tags?post=9049"}],"curies":[{"name":"wp","href":"https:\/\/api.w.org\/{rel}","templated":true}]}}