{"id":9012,"date":"2023-03-23T15:48:07","date_gmt":"2023-03-23T14:48:07","guid":{"rendered":"https:\/\/semmelweis.hu\/bioinformatika\/?p=9012"},"modified":"2023-04-28T15:03:07","modified_gmt":"2023-04-28T13:03:07","slug":"dr-fekete-janos-tibor-2019-es-international-journal-of-cancer-kozlemenye-bekerult-a-rangos-highly-cited-kategoriaba","status":"publish","type":"post","link":"https:\/\/semmelweis.hu\/bioinformatika\/dr-fekete-janos-tibor-2019-es-international-journal-of-cancer-kozlemenye-bekerult-a-rangos-highly-cited-kategoriaba\/","title":{"rendered":"Dr. Fekete J\u00e1nos Tibor 2019-es International Journal of Cancer k\u00f6zlem\u00e9nye beker\u00fclt a rangos \u201chighly cited\u201d kateg\u00f3ri\u00e1ba"},"content":{"rendered":"<p><strong><img loading=\"lazy\" decoding=\"async\" class=\"size-full wp-image-9054 alignleft\" src=\"https:\/\/semmelweis.hu\/bioinformatika\/files\/2023\/03\/internationaljournalcancer_266_298.png\" alt=\"\" width=\"266\" height=\"298\" \/>Dr. Fekete J\u00e1nos Tibor<\/strong> International Journal of Cancer tudom\u00e1nyos foly\u00f3iratban 2019-ben megjelent k\u00f6zlem\u00e9nye a legt\u00f6bbet id\u00e9zett (top 1%) k\u00f6zlem\u00e9nyek k\u00f6z\u00e9 ker\u00fclt a Web of Science (WoS) internetes platformon. A cikk egy int\u00e9zet\u00fcnk \u00e1ltal fejlesztett web-eszk\u00f6z, a ROCplot.com alkalmaz\u00e1s\u00e1r\u00f3l sz\u00f3l, mely nyilv\u00e1nosan el\u00e9rhet\u0151 adatb\u00e1zisok seg\u00edts\u00e9g\u00e9vel \u00faj, g\u00e9nexpresszi\u00f3 alap\u00fa prognoszitkus biomarkerek keres\u00e9s\u00e9t teszi lehet\u0151v\u00e9 eml\u0151r\u00e1kokban.<\/p>\n<p>A cikk<a href=\"https:\/\/onlinelibrary.wiley.com\/doi\/10.1002\/ijc.32369\"> ide<\/a> kattintva \u00e9rhet\u0151 el.<\/p>\n","protected":false},"excerpt":{"rendered":"<p>Dr. Fekete J\u00e1nos Tibor International Journal of Cancer tudom\u00e1nyos foly\u00f3iratban 2019-ben megjelent k\u00f6zlem\u00e9nye a legt\u00f6bbet id\u00e9zett (top 1%) k\u00f6zlem\u00e9nyek k\u00f6z\u00e9 ker\u00fclt a Web of Science (WoS) internetes platformon. A cikk egy int\u00e9zet\u00fcnk \u00e1ltal fejlesztett web-eszk\u00f6z, a ROCplot.com alkalmaz\u00e1s\u00e1r\u00f3l sz\u00f3l, mely nyilv\u00e1nosan el\u00e9rhet\u0151 adatb\u00e1zisok seg\u00edts\u00e9g\u00e9vel \u00faj, g\u00e9nexpresszi\u00f3 alap\u00fa prognoszitkus biomarkerek keres\u00e9s\u00e9t teszi lehet\u0151v\u00e9 eml\u0151r\u00e1kokban. A cikk <a href=\"https:\/\/onlinelibrary.wiley.com\/doi\/10.1002\/ijc.32369\"> ide<\/a> &hellip;<\/p>\n","protected":false},"author":102018,"featured_media":9052,"comment_status":"closed","ping_status":"closed","sticky":false,"template":"","format":"standard","meta":{"_acf_changed":false,"footnotes":""},"categories":[2],"tags":[],"class_list":["post-9012","post","type-post","status-publish","format-standard","has-post-thumbnail","hentry","category-hirek"],"acf":[],"_links":{"self":[{"href":"https:\/\/semmelweis.hu\/bioinformatika\/wp-json\/wp\/v2\/posts\/9012","targetHints":{"allow":["GET"]}}],"collection":[{"href":"https:\/\/semmelweis.hu\/bioinformatika\/wp-json\/wp\/v2\/posts"}],"about":[{"href":"https:\/\/semmelweis.hu\/bioinformatika\/wp-json\/wp\/v2\/types\/post"}],"author":[{"embeddable":true,"href":"https:\/\/semmelweis.hu\/bioinformatika\/wp-json\/wp\/v2\/users\/102018"}],"replies":[{"embeddable":true,"href":"https:\/\/semmelweis.hu\/bioinformatika\/wp-json\/wp\/v2\/comments?post=9012"}],"version-history":[{"count":10,"href":"https:\/\/semmelweis.hu\/bioinformatika\/wp-json\/wp\/v2\/posts\/9012\/revisions"}],"predecessor-version":[{"id":9168,"href":"https:\/\/semmelweis.hu\/bioinformatika\/wp-json\/wp\/v2\/posts\/9012\/revisions\/9168"}],"wp:featuredmedia":[{"embeddable":true,"href":"https:\/\/semmelweis.hu\/bioinformatika\/wp-json\/wp\/v2\/media\/9052"}],"wp:attachment":[{"href":"https:\/\/semmelweis.hu\/bioinformatika\/wp-json\/wp\/v2\/media?parent=9012"}],"wp:term":[{"taxonomy":"category","embeddable":true,"href":"https:\/\/semmelweis.hu\/bioinformatika\/wp-json\/wp\/v2\/categories?post=9012"},{"taxonomy":"post_tag","embeddable":true,"href":"https:\/\/semmelweis.hu\/bioinformatika\/wp-json\/wp\/v2\/tags?post=9012"}],"curies":[{"name":"wp","href":"https:\/\/api.w.org\/{rel}","templated":true}]}}