{"id":8951,"date":"2023-02-14T14:20:04","date_gmt":"2023-02-14T13:20:04","guid":{"rendered":"https:\/\/semmelweis.hu\/bioinformatika\/?p=8951"},"modified":"2023-02-14T14:38:01","modified_gmt":"2023-02-14T13:38:01","slug":"tdk-hallgatonk-bohus-gyula-2-helyezest-ert-el-a-semmelweis-egyetem-2023-as-tdk-konferenciajan","status":"publish","type":"post","link":"https:\/\/semmelweis.hu\/bioinformatika\/tdk-hallgatonk-bohus-gyula-2-helyezest-ert-el-a-semmelweis-egyetem-2023-as-tdk-konferenciajan\/","title":{"rendered":"TDK hallgat\u00f3nk, Bohus Gyula 2. helyez\u00e9st \u00e9rt el a 2023-as TDK konferenci\u00e1n"},"content":{"rendered":"<div dir=\"ltr\">\n<div><img loading=\"lazy\" decoding=\"async\" class=\"size-full wp-image-8953 alignleft\" src=\"https:\/\/semmelweis.hu\/bioinformatika\/files\/2023\/02\/Bohus-Gyula-TDK-konferenciara_258_286.jpg\" alt=\"\" width=\"258\" height=\"286\" \/><\/div>\n<div>\u00a0<\/div>\n<div>Int\u00e9zet\u00fcnk TDK hallgat\u00f3ja, Bohus Gyula 2. helyez\u00e9st \u00e9rt el a Semmelweis Egyetem 2023-as TDK konferenci\u00e1j\u00e1n a Biofizika\/Bioinformatika szekci\u00f3ban. T\u00e9mavezet\u0151je Prof. Dr. Gy\u0151rffy Bal\u00e1zs,el\u0151ad\u00e1s\u00e1nak c\u00edme pedig az &#8216;Eml\u0151r\u00e1kos betegek t\u00fal\u00e9l\u00e9s\u00e9nek el\u0151rejelz\u00e9se&#8217; volt. Gyula id\u00e9n szeptemberben kezdte n\u00e1lunk a kutat\u00e1st, \u00fcgyesen kihaszn\u00e1lva az int\u00e9zet\u00fcnk ny\u00fajtotta lehet\u0151s\u00e9geket. Gratul\u00e1lunk neki!<\/div>\n<\/div>\n","protected":false},"excerpt":{"rendered":"<p>\u00a0<br \/>\nInt\u00e9zet\u00fcnk TDK hallgat\u00f3ja, Bohus Gyula 2. helyez\u00e9st \u00e9rt el a Semmelweis Egyetem 2023-as TDK konferenci\u00e1j\u00e1n a Biofizika\/Bioinformatika szekci\u00f3ban. T\u00e9mavezet\u0151je Prof. Dr. Gy\u0151rffy Bal\u00e1zs,el\u0151ad\u00e1s\u00e1nak c\u00edme pedig az &#8216;Eml\u0151r\u00e1kos betegek t\u00fal\u00e9l\u00e9s\u00e9nek el\u0151rejelz\u00e9se&#8217; volt. Gyula id\u00e9n szeptemberben kezdte n\u00e1lunk a kutat\u00e1st, \u00fcgyesen kihaszn\u00e1lva az int\u00e9zet\u00fcnk ny\u00fajtotta lehet\u0151s\u00e9geket. Gratul\u00e1lunk neki!<\/p>\n","protected":false},"author":102018,"featured_media":8952,"comment_status":"closed","ping_status":"closed","sticky":false,"template":"","format":"standard","meta":{"_acf_changed":false,"footnotes":""},"categories":[2],"tags":[],"class_list":["post-8951","post","type-post","status-publish","format-standard","has-post-thumbnail","hentry","category-hirek"],"acf":[],"_links":{"self":[{"href":"https:\/\/semmelweis.hu\/bioinformatika\/wp-json\/wp\/v2\/posts\/8951","targetHints":{"allow":["GET"]}}],"collection":[{"href":"https:\/\/semmelweis.hu\/bioinformatika\/wp-json\/wp\/v2\/posts"}],"about":[{"href":"https:\/\/semmelweis.hu\/bioinformatika\/wp-json\/wp\/v2\/types\/post"}],"author":[{"embeddable":true,"href":"https:\/\/semmelweis.hu\/bioinformatika\/wp-json\/wp\/v2\/users\/102018"}],"replies":[{"embeddable":true,"href":"https:\/\/semmelweis.hu\/bioinformatika\/wp-json\/wp\/v2\/comments?post=8951"}],"version-history":[{"count":4,"href":"https:\/\/semmelweis.hu\/bioinformatika\/wp-json\/wp\/v2\/posts\/8951\/revisions"}],"predecessor-version":[{"id":8957,"href":"https:\/\/semmelweis.hu\/bioinformatika\/wp-json\/wp\/v2\/posts\/8951\/revisions\/8957"}],"wp:featuredmedia":[{"embeddable":true,"href":"https:\/\/semmelweis.hu\/bioinformatika\/wp-json\/wp\/v2\/media\/8952"}],"wp:attachment":[{"href":"https:\/\/semmelweis.hu\/bioinformatika\/wp-json\/wp\/v2\/media?parent=8951"}],"wp:term":[{"taxonomy":"category","embeddable":true,"href":"https:\/\/semmelweis.hu\/bioinformatika\/wp-json\/wp\/v2\/categories?post=8951"},{"taxonomy":"post_tag","embeddable":true,"href":"https:\/\/semmelweis.hu\/bioinformatika\/wp-json\/wp\/v2\/tags?post=8951"}],"curies":[{"name":"wp","href":"https:\/\/api.w.org\/{rel}","templated":true}]}}