{"id":8862,"date":"2023-02-04T12:08:36","date_gmt":"2023-02-04T11:08:36","guid":{"rendered":"https:\/\/semmelweis.hu\/bioinformatika\/?p=8862"},"modified":"2023-02-13T14:15:18","modified_gmt":"2023-02-13T13:15:18","slug":"februar-4-a-rakellenes-vilagnap","status":"publish","type":"post","link":"https:\/\/semmelweis.hu\/bioinformatika\/februar-4-a-rakellenes-vilagnap\/","title":{"rendered":"Febru\u00e1r 4. a r\u00e1kellenes vil\u00e1gnap"},"content":{"rendered":"<p><img loading=\"lazy\" decoding=\"async\" class=\"alignnone size-medium wp-image-8870\" src=\"https:\/\/semmelweis.hu\/bioinformatika\/files\/2023\/02\/Kepernyokep-2023-02-07-120254-400x265.jpg\" alt=\"\" width=\"400\" height=\"265\" srcset=\"https:\/\/semmelweis.hu\/bioinformatika\/files\/2023\/02\/Kepernyokep-2023-02-07-120254-400x265.jpg 400w, https:\/\/semmelweis.hu\/bioinformatika\/files\/2023\/02\/Kepernyokep-2023-02-07-120254-768x509.jpg 768w, https:\/\/semmelweis.hu\/bioinformatika\/files\/2023\/02\/Kepernyokep-2023-02-07-120254-753x499.jpg 753w, https:\/\/semmelweis.hu\/bioinformatika\/files\/2023\/02\/Kepernyokep-2023-02-07-120254-203x135.jpg 203w, https:\/\/semmelweis.hu\/bioinformatika\/files\/2023\/02\/Kepernyokep-2023-02-07-120254.jpg 950w\" sizes=\"auto, (max-width: 400px) 100vw, 400px\" \/><\/p>\n<p>A r\u00e1kellenes vil\u00e1gnap alkalm\u00e1b\u00f3l az RTL Klub F\u00f3kusz riportmagazinja interj\u00fat k\u00e9sz\u00edtett <strong>Prof. Dr. Gy\u0151rffy Bal\u00e1zzsal<\/strong>, a<a href=\"https:\/\/embed.rtl.hu\/embed\/2052079?autoplay=0\"> felv\u00e9tel itt tekinthet\u0151 meg.\u00a0<\/a><\/p>\n","protected":false},"excerpt":{"rendered":"<p>A r\u00e1kellenes vil\u00e1gnap alkalm\u00e1b\u00f3l az RTL Klub F\u00f3kusz riportmagazinja interj\u00fat k\u00e9sz\u00edtett Prof. Dr. Gy\u0151rffy Bal\u00e1zzsal, a<a href=\"https:\/\/embed.rtl.hu\/embed\/2052079?autoplay=0\"> felv\u00e9tel itt tekinthet\u0151 meg.\u00a0<\/a><\/p>\n","protected":false},"author":102018,"featured_media":8870,"comment_status":"closed","ping_status":"closed","sticky":false,"template":"","format":"standard","meta":{"_acf_changed":false,"footnotes":""},"categories":[2],"tags":[],"class_list":["post-8862","post","type-post","status-publish","format-standard","has-post-thumbnail","hentry","category-hirek"],"acf":[],"_links":{"self":[{"href":"https:\/\/semmelweis.hu\/bioinformatika\/wp-json\/wp\/v2\/posts\/8862","targetHints":{"allow":["GET"]}}],"collection":[{"href":"https:\/\/semmelweis.hu\/bioinformatika\/wp-json\/wp\/v2\/posts"}],"about":[{"href":"https:\/\/semmelweis.hu\/bioinformatika\/wp-json\/wp\/v2\/types\/post"}],"author":[{"embeddable":true,"href":"https:\/\/semmelweis.hu\/bioinformatika\/wp-json\/wp\/v2\/users\/102018"}],"replies":[{"embeddable":true,"href":"https:\/\/semmelweis.hu\/bioinformatika\/wp-json\/wp\/v2\/comments?post=8862"}],"version-history":[{"count":10,"href":"https:\/\/semmelweis.hu\/bioinformatika\/wp-json\/wp\/v2\/posts\/8862\/revisions"}],"predecessor-version":[{"id":8944,"href":"https:\/\/semmelweis.hu\/bioinformatika\/wp-json\/wp\/v2\/posts\/8862\/revisions\/8944"}],"wp:featuredmedia":[{"embeddable":true,"href":"https:\/\/semmelweis.hu\/bioinformatika\/wp-json\/wp\/v2\/media\/8870"}],"wp:attachment":[{"href":"https:\/\/semmelweis.hu\/bioinformatika\/wp-json\/wp\/v2\/media?parent=8862"}],"wp:term":[{"taxonomy":"category","embeddable":true,"href":"https:\/\/semmelweis.hu\/bioinformatika\/wp-json\/wp\/v2\/categories?post=8862"},{"taxonomy":"post_tag","embeddable":true,"href":"https:\/\/semmelweis.hu\/bioinformatika\/wp-json\/wp\/v2\/tags?post=8862"}],"curies":[{"name":"wp","href":"https:\/\/api.w.org\/{rel}","templated":true}]}}