{"id":8823,"date":"2023-01-30T10:24:28","date_gmt":"2023-01-30T09:24:28","guid":{"rendered":"https:\/\/semmelweis.hu\/bioinformatika\/?p=8823"},"modified":"2023-01-30T15:01:23","modified_gmt":"2023-01-30T14:01:23","slug":"8823-2","status":"publish","type":"post","link":"https:\/\/semmelweis.hu\/bioinformatika\/8823-2\/","title":{"rendered":"\u00daj munkat\u00e1rs  tansz\u00e9k\u00fcnk Biobankj\u00e1ban"},"content":{"rendered":"<p><img loading=\"lazy\" decoding=\"async\" class=\"size-full wp-image-8825 alignleft\" src=\"https:\/\/semmelweis.hu\/bioinformatika\/files\/2023\/01\/Karadocsev-E_foto_240_360-1.jpg\" alt=\"\" width=\"240\" height=\"360\" \/><\/p>\n<p>Karadocsev \u00c9va molekul\u00e1ris biol\u00f3gusk\u00e9nt, majd ezt k\u00f6vet\u0151en t\u00e1pl\u00e1lkoz\u00e1studom\u00e1nyi szakemberk\u00e9nt diplom\u00e1zott a Debreceni Egyetemen.<\/p>\n<p>Jelenleg laborat\u00f3riumi asszisztensk\u00e9nt dolgozik a SE Bioinformatikai Tansz\u00e9ke \u00e1ltal koordin\u00e1lt OnkoBankban.<\/p>\n<p>&nbsp;<\/p>\n","protected":false},"excerpt":{"rendered":"<p>Karadocsev \u00c9va molekul\u00e1ris biol\u00f3gusk\u00e9nt, majd ezt k\u00f6vet\u0151en t\u00e1pl\u00e1lkoz\u00e1studom\u00e1nyi szakemberk\u00e9nt diplom\u00e1zott a Debreceni Egyetemen.<br \/>\nJelenleg laborat\u00f3riumi asszisztensk\u00e9nt dolgozik a SE Bioinformatikai Tansz\u00e9ke \u00e1ltal koordin\u00e1lt OnkoBankban.<br \/>\n&nbsp;<\/p>\n","protected":false},"author":102018,"featured_media":8826,"comment_status":"closed","ping_status":"closed","sticky":false,"template":"","format":"standard","meta":{"_acf_changed":false,"footnotes":""},"categories":[2],"tags":[],"class_list":["post-8823","post","type-post","status-publish","format-standard","has-post-thumbnail","hentry","category-hirek"],"acf":[],"_links":{"self":[{"href":"https:\/\/semmelweis.hu\/bioinformatika\/wp-json\/wp\/v2\/posts\/8823","targetHints":{"allow":["GET"]}}],"collection":[{"href":"https:\/\/semmelweis.hu\/bioinformatika\/wp-json\/wp\/v2\/posts"}],"about":[{"href":"https:\/\/semmelweis.hu\/bioinformatika\/wp-json\/wp\/v2\/types\/post"}],"author":[{"embeddable":true,"href":"https:\/\/semmelweis.hu\/bioinformatika\/wp-json\/wp\/v2\/users\/102018"}],"replies":[{"embeddable":true,"href":"https:\/\/semmelweis.hu\/bioinformatika\/wp-json\/wp\/v2\/comments?post=8823"}],"version-history":[{"count":5,"href":"https:\/\/semmelweis.hu\/bioinformatika\/wp-json\/wp\/v2\/posts\/8823\/revisions"}],"predecessor-version":[{"id":8831,"href":"https:\/\/semmelweis.hu\/bioinformatika\/wp-json\/wp\/v2\/posts\/8823\/revisions\/8831"}],"wp:featuredmedia":[{"embeddable":true,"href":"https:\/\/semmelweis.hu\/bioinformatika\/wp-json\/wp\/v2\/media\/8826"}],"wp:attachment":[{"href":"https:\/\/semmelweis.hu\/bioinformatika\/wp-json\/wp\/v2\/media?parent=8823"}],"wp:term":[{"taxonomy":"category","embeddable":true,"href":"https:\/\/semmelweis.hu\/bioinformatika\/wp-json\/wp\/v2\/categories?post=8823"},{"taxonomy":"post_tag","embeddable":true,"href":"https:\/\/semmelweis.hu\/bioinformatika\/wp-json\/wp\/v2\/tags?post=8823"}],"curies":[{"name":"wp","href":"https:\/\/api.w.org\/{rel}","templated":true}]}}