{"id":8694,"date":"2023-02-06T09:42:02","date_gmt":"2023-02-06T08:42:02","guid":{"rendered":"https:\/\/semmelweis.hu\/bioinformatika\/?p=8694"},"modified":"2023-02-14T12:52:20","modified_gmt":"2023-02-14T11:52:20","slug":"ujabb-d1-kozlemeny-prof-dr-gyorffy-balazs-kozremukodesevel","status":"publish","type":"post","link":"https:\/\/semmelweis.hu\/bioinformatika\/ujabb-d1-kozlemeny-prof-dr-gyorffy-balazs-kozremukodesevel\/","title":{"rendered":"\u00daj k\u00f6zlem\u00e9ny\u00fcnk az egyik legrangosabb k\u00eds\u00e9rletes \u00e9lettani foly\u00f3iratban"},"content":{"rendered":"<figure id=\"attachment_6532\" aria-describedby=\"caption-attachment-6532\" style=\"width: 235px\" class=\"wp-caption alignleft\"><img loading=\"lazy\" decoding=\"async\" class=\" wp-image-6532\" src=\"https:\/\/semmelweis.hu\/bioinformatika\/files\/2020\/01\/balazs.jpg\" alt=\"\" width=\"235\" height=\"341\" \/><figcaption id=\"caption-attachment-6532\" class=\"wp-caption-text\">Dr. Gy\u0151rffy Bal\u00e1zs<br \/>\ntansz\u00e9kvezet\u0151 egyetemi tan\u00e1r<\/figcaption><\/figure>\n<p>&nbsp;<\/p>\n<p>\u00daj k\u00f6zlem\u00e9ny\u00fcnk jelent meg \u201c<a href=\"https:\/\/pubmed.ncbi.nlm.nih.gov\/36528023\/\" target=\"_blank\" rel=\"noopener\">Microenvironmental ammonia enhances T cell exhaustion in colorectal cancer<\/a>\u201d c\u00edmmel. A k\u00f6zlem\u00e9ny el\u0151rehaladott st\u00e1dium\u00fa kolorekt\u00e1lis daganatok mikrok\u00f6rnyezet\u00e9ben vizsg\u00e1lta a metabolizmusb\u00f3l sz\u00e1rmaz\u00f3 amm\u00f3nia szerep\u00e9t. Az amm\u00f3niaszint cs\u00f6kkent\u00e9se T sejt reaktiv\u00e1ci\u00f3t, a tumor n\u00f6veked\u00e9s lassul\u00e1s\u00e1t, ez\u00e1ltal hosszabb t\u00fal\u00e9l\u00e9st biztos\u00edthat a betegeknek. Tov\u00e1bb\u00e1, fokozza az PD-L1 immunter\u00e1pia hat\u00e9konys\u00e1g\u00e1t is. A SCImago rangsor \u00e9lettan kateg\u00f3ri\u00e1j\u00e1ban #1 \u00fajs\u00e1gk\u00e9nt sz\u00e1montartott Cell Metabolism lapban (impakt faktor: 27,287) megjelent kutat\u00e1s <strong>Yatrik Shah<\/strong>, a Michigani Egyetem professzor\u00e1val egy\u00fcttm\u0171k\u00f6d\u00e9sben k\u00e9sz\u00fclt.<\/p>\n<p>&nbsp;<\/p>\n","protected":false},"excerpt":{"rendered":"<p>&nbsp; \u00daj k\u00f6zlem\u00e9ny\u00fcnk jelent meg \u201c <a href=\"https:\/\/pubmed.ncbi.nlm.nih.gov\/36528023\/\" target=\"_blank\" rel=\"noopener\">Microenvironmental ammonia enhances T cell exhaustion in colorectal cancer<\/a> \u201d c\u00edmmel. A k\u00f6zlem\u00e9ny el\u0151rehaladott st\u00e1dium\u00fa kolorekt\u00e1lis daganatok mikrok\u00f6rnyezet\u00e9ben vizsg\u00e1lta a metabolizmusb\u00f3l sz\u00e1rmaz\u00f3 amm\u00f3nia szerep\u00e9t. Az amm\u00f3niaszint cs\u00f6kkent\u00e9se T sejt reaktiv\u00e1ci\u00f3t, a tumor n\u00f6veked\u00e9s lassul\u00e1s\u00e1t, ez\u00e1ltal hosszabb t\u00fal\u00e9l\u00e9st biztos\u00edthat a betegeknek. Tov\u00e1bb\u00e1, fokozza az PD-L1 immunter\u00e1pia hat\u00e9konys\u00e1g\u00e1t is. A SCImago rangsor \u00e9lettan kateg\u00f3ri\u00e1j\u00e1ban #1 \u00fajs\u00e1gk\u00e9nt sz\u00e1montartott Cell Metabolism lapban &hellip;<\/p>\n","protected":false},"author":102018,"featured_media":8855,"comment_status":"closed","ping_status":"closed","sticky":false,"template":"","format":"standard","meta":{"_acf_changed":false,"footnotes":""},"categories":[2],"tags":[],"class_list":["post-8694","post","type-post","status-publish","format-standard","has-post-thumbnail","hentry","category-hirek"],"acf":[],"_links":{"self":[{"href":"https:\/\/semmelweis.hu\/bioinformatika\/wp-json\/wp\/v2\/posts\/8694","targetHints":{"allow":["GET"]}}],"collection":[{"href":"https:\/\/semmelweis.hu\/bioinformatika\/wp-json\/wp\/v2\/posts"}],"about":[{"href":"https:\/\/semmelweis.hu\/bioinformatika\/wp-json\/wp\/v2\/types\/post"}],"author":[{"embeddable":true,"href":"https:\/\/semmelweis.hu\/bioinformatika\/wp-json\/wp\/v2\/users\/102018"}],"replies":[{"embeddable":true,"href":"https:\/\/semmelweis.hu\/bioinformatika\/wp-json\/wp\/v2\/comments?post=8694"}],"version-history":[{"count":9,"href":"https:\/\/semmelweis.hu\/bioinformatika\/wp-json\/wp\/v2\/posts\/8694\/revisions"}],"predecessor-version":[{"id":8945,"href":"https:\/\/semmelweis.hu\/bioinformatika\/wp-json\/wp\/v2\/posts\/8694\/revisions\/8945"}],"wp:featuredmedia":[{"embeddable":true,"href":"https:\/\/semmelweis.hu\/bioinformatika\/wp-json\/wp\/v2\/media\/8855"}],"wp:attachment":[{"href":"https:\/\/semmelweis.hu\/bioinformatika\/wp-json\/wp\/v2\/media?parent=8694"}],"wp:term":[{"taxonomy":"category","embeddable":true,"href":"https:\/\/semmelweis.hu\/bioinformatika\/wp-json\/wp\/v2\/categories?post=8694"},{"taxonomy":"post_tag","embeddable":true,"href":"https:\/\/semmelweis.hu\/bioinformatika\/wp-json\/wp\/v2\/tags?post=8694"}],"curies":[{"name":"wp","href":"https:\/\/api.w.org\/{rel}","templated":true}]}}