{"id":8554,"date":"2022-12-05T16:01:56","date_gmt":"2022-12-05T15:01:56","guid":{"rendered":"https:\/\/semmelweis.hu\/bioinformatika\/?p=8554"},"modified":"2022-12-08T19:19:22","modified_gmt":"2022-12-08T18:19:22","slug":"prof-dr-gyorffy-balazs-a-vilag-leggyakrabban-idezett-kutatoi-kozott","status":"publish","type":"post","link":"https:\/\/semmelweis.hu\/bioinformatika\/prof-dr-gyorffy-balazs-a-vilag-leggyakrabban-idezett-kutatoi-kozott\/","title":{"rendered":"Prof. Dr. Gy\u0151rffy Bal\u00e1zs a vil\u00e1g leggyakrabban\u00a0id\u00e9zett kutat\u00f3i k\u00f6z\u00f6tt"},"content":{"rendered":"<p><img loading=\"lazy\" decoding=\"async\" class=\"size-medium wp-image-8581 alignleft\" src=\"https:\/\/semmelweis.hu\/bioinformatika\/files\/2022\/12\/Clarivate-logl-400x265.jpg\" alt=\"\" width=\"400\" height=\"265\" srcset=\"https:\/\/semmelweis.hu\/bioinformatika\/files\/2022\/12\/Clarivate-logl-400x265.jpg 400w, https:\/\/semmelweis.hu\/bioinformatika\/files\/2022\/12\/Clarivate-logl-768x509.jpg 768w, https:\/\/semmelweis.hu\/bioinformatika\/files\/2022\/12\/Clarivate-logl-753x499.jpg 753w, https:\/\/semmelweis.hu\/bioinformatika\/files\/2022\/12\/Clarivate-logl-203x135.jpg 203w, https:\/\/semmelweis.hu\/bioinformatika\/files\/2022\/12\/Clarivate-logl.jpg 950w\" sizes=\"auto, (max-width: 400px) 100vw, 400px\" \/><\/p>\n<p>&nbsp;<\/p>\n<p>&nbsp;<\/p>\n<p>&nbsp;<\/p>\n<p style=\"text-align: left\">A <strong><em>Web of Science<\/em> <\/strong>multidiszciplin\u00e1ris nemzetk\u00f6zi tudom\u00e1nyos adatb\u00e1zis 2022-ben is k\u00f6zz\u00e9tette annak a k\u00f6zel 7000 kutat\u00f3nak n\u00e9vsor\u00e1t, akik szakter\u00fclet\u00fck\u00f6n\u00a0 a legid\u00e9zettebb<em> top 1%-ba<\/em> tartoznak. Ebben a rangsorban 4 magyar kutat\u00f3 is szerepel (<a href=\"https:\/\/clarivate.com\/highly-cited-researchers\/?action=clv_hcr_members_filter&amp;clv-paged=1&amp;clv-category=&amp;clv-institution=&amp;clv-region=Hungary&amp;clv-name=&amp;utm_medium=email&amp;utm_source=Eloqua\" target=\"_blank\" rel=\"noopener\">nev\u00fck itt tekinthet\u0151 meg<\/a>), k\u00f6z\u00fcl\u00fck ketten a Semmelweis Egyetem professzorai.\u00a0 Egyik\u00fck int\u00e9zet\u00fcnk vezet\u0151je Prof. Dr. Gy\u0151rffy Bal\u00e1zs , aki a 2011-2021-ig terjed\u0151 id\u0151szakban 13 s\u0171r\u0171n id\u00e9zett cikk\u00e9vel ker\u00fclt\u00a0 az \u00fan. cross-field kateg\u00f3ri\u00e1ban a <em>Highly Cited Researchers <\/em>list\u00e1ra.<\/p>\n<p>Err\u0151l a megtisztel\u0151 elismer\u00e9sr\u0151l <a href=\"https:\/\/semmelweis.hu\/hirek\/2022\/11\/17\/a-semmelweis-ket-munkatarsa-is-bekerult-a-vilag-legidezettebb-kutatoi-koze\/\" target=\"_blank\" rel=\"noopener\">egyetem\u00fcnk honlapja is besz\u00e1molt.<\/a><\/p>\n","protected":false},"excerpt":{"rendered":"<p>&nbsp; &nbsp; &nbsp; A Web of Science multidiszciplin\u00e1ris nemzetk\u00f6zi tudom\u00e1nyos adatb\u00e1zis 2022-ben is k\u00f6zz\u00e9tette annak a k\u00f6zel 7000 kutat\u00f3nak n\u00e9vsor\u00e1t, akik szakter\u00fclet\u00fck\u00f6n\u00a0 a legid\u00e9zettebb top 1%-ba tartoznak. Ebben a rangsorban 4 magyar kutat\u00f3 is szerepel ( <a href=\"https:\/\/clarivate.com\/highly-cited-researchers\/?action=clv_hcr_members_filter&amp;clv-paged=1&amp;clv-category=&amp;clv-institution=&amp;clv-region=Hungary&amp;clv-name=&amp;utm_medium=email&amp;utm_source=Eloqua\" target=\"_blank\" rel=\"noopener\">nev\u00fck itt tekinthet\u0151 meg<\/a> ), k\u00f6z\u00fcl\u00fck ketten a Semmelweis Egyetem professzorai.\u00a0 Egyik\u00fck int\u00e9zet\u00fcnk vezet\u0151je Prof. Dr. Gy\u0151rffy Bal\u00e1zs , aki a 2011-2021-ig terjed\u0151 &hellip;<\/p>\n","protected":false},"author":102018,"featured_media":8581,"comment_status":"closed","ping_status":"closed","sticky":false,"template":"","format":"standard","meta":{"_acf_changed":false,"footnotes":""},"categories":[2],"tags":[],"class_list":["post-8554","post","type-post","status-publish","format-standard","has-post-thumbnail","hentry","category-hirek"],"acf":[],"_links":{"self":[{"href":"https:\/\/semmelweis.hu\/bioinformatika\/wp-json\/wp\/v2\/posts\/8554","targetHints":{"allow":["GET"]}}],"collection":[{"href":"https:\/\/semmelweis.hu\/bioinformatika\/wp-json\/wp\/v2\/posts"}],"about":[{"href":"https:\/\/semmelweis.hu\/bioinformatika\/wp-json\/wp\/v2\/types\/post"}],"author":[{"embeddable":true,"href":"https:\/\/semmelweis.hu\/bioinformatika\/wp-json\/wp\/v2\/users\/102018"}],"replies":[{"embeddable":true,"href":"https:\/\/semmelweis.hu\/bioinformatika\/wp-json\/wp\/v2\/comments?post=8554"}],"version-history":[{"count":9,"href":"https:\/\/semmelweis.hu\/bioinformatika\/wp-json\/wp\/v2\/posts\/8554\/revisions"}],"predecessor-version":[{"id":8582,"href":"https:\/\/semmelweis.hu\/bioinformatika\/wp-json\/wp\/v2\/posts\/8554\/revisions\/8582"}],"wp:featuredmedia":[{"embeddable":true,"href":"https:\/\/semmelweis.hu\/bioinformatika\/wp-json\/wp\/v2\/media\/8581"}],"wp:attachment":[{"href":"https:\/\/semmelweis.hu\/bioinformatika\/wp-json\/wp\/v2\/media?parent=8554"}],"wp:term":[{"taxonomy":"category","embeddable":true,"href":"https:\/\/semmelweis.hu\/bioinformatika\/wp-json\/wp\/v2\/categories?post=8554"},{"taxonomy":"post_tag","embeddable":true,"href":"https:\/\/semmelweis.hu\/bioinformatika\/wp-json\/wp\/v2\/tags?post=8554"}],"curies":[{"name":"wp","href":"https:\/\/api.w.org\/{rel}","templated":true}]}}