{"id":8531,"date":"2022-11-27T14:18:12","date_gmt":"2022-11-27T13:18:12","guid":{"rendered":"https:\/\/semmelweis.hu\/bioinformatika\/?p=8531"},"modified":"2022-11-27T14:32:26","modified_gmt":"2022-11-27T13:32:26","slug":"eloadasok-a-jovo-problemairol-es-uj-fejlesztesekrol-mabit-2022-evi-konferenciaja","status":"publish","type":"post","link":"https:\/\/semmelweis.hu\/bioinformatika\/eloadasok-a-jovo-problemairol-es-uj-fejlesztesekrol-mabit-2022-evi-konferenciaja\/","title":{"rendered":"El\u0151ad\u00e1sok a j\u00f6v\u0151 probl\u00e9m\u00e1ir\u00f3l \u00e9s \u00faj fejleszt\u00e9sekr\u0151l &#8211; MABIT 2022. \u00e9vi konferenci\u00e1ja"},"content":{"rendered":"<p><img loading=\"lazy\" decoding=\"async\" class=\"size-medium wp-image-8533 alignleft\" src=\"https:\/\/semmelweis.hu\/bioinformatika\/files\/2022\/11\/MABIT-konferencia-950x623-1-400x262.jpg\" alt=\"\" width=\"400\" height=\"262\" srcset=\"https:\/\/semmelweis.hu\/bioinformatika\/files\/2022\/11\/MABIT-konferencia-950x623-1-400x262.jpg 400w, https:\/\/semmelweis.hu\/bioinformatika\/files\/2022\/11\/MABIT-konferencia-950x623-1-768x504.jpg 768w, https:\/\/semmelweis.hu\/bioinformatika\/files\/2022\/11\/MABIT-konferencia-950x623-1-753x494.jpg 753w, https:\/\/semmelweis.hu\/bioinformatika\/files\/2022\/11\/MABIT-konferencia-950x623-1.jpg 950w\" sizes=\"auto, (max-width: 400px) 100vw, 400px\" \/><\/p>\n<p>&nbsp;<\/p>\n<p>A <strong>Magyar Bioinformatikai T\u00e1rsas\u00e1g<\/strong>\u00a0 (MABIT) \u00e9s a <strong>MTA Bioinformatikai Oszt\u00e1lyk\u00f6zi Tudom\u00e1nyos Bizotts\u00e1ga<\/strong>\u00a0(BOTB) november 11-\u00e9n tartotta k\u00f6z\u00f6s konferenci\u00e1j\u00e1t a Term\u00e9szettudom\u00e1nyi Kutat\u00f3k\u00f6zpontban.<\/p>\n<p>&nbsp;<\/p>\n<p>Az eg\u00e9sz napos konferenci\u00e1n k\u00f6r\u00fclbel\u00fcl \u00a050 f\u0151 vett r\u00e9szt szem\u00e9lyesen \u00e9s legal\u00e1bb ennyien online. T\u00f6bb tudom\u00e1nyos ter\u00fclet kiv\u00e1l\u00f3 kutat\u00f3i mellett a fiatal kutat\u00f3k is \u00a0akt\u00edvan r\u00e9szt vettek. Int\u00e9zet\u00fcnkb\u0151l \u00a0Prof. Gy\u0151rffy Bal\u00e1zs, Dr. Munk\u00e1csy Gy\u00f6ngyi \u00e9s PhD hallgat\u00f3nk William Kothalawala \u00a0tartottak el\u0151ad\u00e1st.<\/p>\n<p>Az el\u0151ad\u00e1sok olyan aktu\u00e1lis t\u00e9m\u00e1kat \u00e9rintettek, mint p\u00e9ld\u00e1ul az antibiotikum-rezisztencia, \u00f6reged\u00e9si folyamatok elemz\u00e9se g\u00e9pi tanul\u00e1ssal, a SARS-CoV-2 potenci\u00e1lis vari\u00e1nsai \u00e1ltal okozott betegs\u00e9gek el\u0151rejelz\u00e9se, valamint okos\u00f3r\u00e1val m\u00e9rhet\u0151 vit\u00e1lis\u00a0 funkci\u00f3k, az AlphaFold2 \u00e1ltal l\u00e9trehozott membr\u00e1nfeh\u00e9rje szerkezetek min\u0151s\u00e9gellen\u0151rz\u00e9s\u00e9re \u00e9s membr\u00e1nlokaliz\u00e1ci\u00f3j\u00e1nak meghat\u00e1roz\u00e1s\u00e1ra haszn\u00e1l\u00f3 eszk\u00f6z vagy a tumorellenes immuneter\u00e1pia hat\u00e9konys\u00e1g\u00e1nak el\u0151rejelz\u00e9se.<\/p>\n<p>Az el\u0151ad\u00e1sok visszan\u00e9zhet\u0151k a\u00a0<a href=\"https:\/\/www.youtube.com\/@mabitmagyarbioinformatikai5627\">MABIT YouTube csatorn\u00e1j\u00e1n<\/a>.<\/p>\n","protected":false},"excerpt":{"rendered":"<p>&nbsp; A Magyar Bioinformatikai T\u00e1rsas\u00e1g\u00a0 (MABIT) \u00e9s a MTA Bioinformatikai Oszt\u00e1lyk\u00f6zi Tudom\u00e1nyos Bizotts\u00e1ga\u00a0(BOTB) november 11-\u00e9n tartotta k\u00f6z\u00f6s konferenci\u00e1j\u00e1t a Term\u00e9szettudom\u00e1nyi Kutat\u00f3k\u00f6zpontban. &nbsp; Az eg\u00e9sz napos konferenci\u00e1n k\u00f6r\u00fclbel\u00fcl \u00a050 f\u0151 vett r\u00e9szt szem\u00e9lyesen \u00e9s legal\u00e1bb ennyien online. T\u00f6bb tudom\u00e1nyos ter\u00fclet kiv\u00e1l\u00f3 kutat\u00f3i mellett a fiatal kutat\u00f3k is \u00a0akt\u00edvan r\u00e9szt vettek. Int\u00e9zet\u00fcnkb\u0151l \u00a0Prof. Gy\u0151rffy Bal\u00e1zs, Dr. Munk\u00e1csy &hellip;<\/p>\n","protected":false},"author":102018,"featured_media":8533,"comment_status":"closed","ping_status":"closed","sticky":false,"template":"","format":"standard","meta":{"_acf_changed":false,"footnotes":""},"categories":[2],"tags":[],"class_list":["post-8531","post","type-post","status-publish","format-standard","has-post-thumbnail","hentry","category-hirek"],"acf":[],"_links":{"self":[{"href":"https:\/\/semmelweis.hu\/bioinformatika\/wp-json\/wp\/v2\/posts\/8531","targetHints":{"allow":["GET"]}}],"collection":[{"href":"https:\/\/semmelweis.hu\/bioinformatika\/wp-json\/wp\/v2\/posts"}],"about":[{"href":"https:\/\/semmelweis.hu\/bioinformatika\/wp-json\/wp\/v2\/types\/post"}],"author":[{"embeddable":true,"href":"https:\/\/semmelweis.hu\/bioinformatika\/wp-json\/wp\/v2\/users\/102018"}],"replies":[{"embeddable":true,"href":"https:\/\/semmelweis.hu\/bioinformatika\/wp-json\/wp\/v2\/comments?post=8531"}],"version-history":[{"count":10,"href":"https:\/\/semmelweis.hu\/bioinformatika\/wp-json\/wp\/v2\/posts\/8531\/revisions"}],"predecessor-version":[{"id":8548,"href":"https:\/\/semmelweis.hu\/bioinformatika\/wp-json\/wp\/v2\/posts\/8531\/revisions\/8548"}],"wp:featuredmedia":[{"embeddable":true,"href":"https:\/\/semmelweis.hu\/bioinformatika\/wp-json\/wp\/v2\/media\/8533"}],"wp:attachment":[{"href":"https:\/\/semmelweis.hu\/bioinformatika\/wp-json\/wp\/v2\/media?parent=8531"}],"wp:term":[{"taxonomy":"category","embeddable":true,"href":"https:\/\/semmelweis.hu\/bioinformatika\/wp-json\/wp\/v2\/categories?post=8531"},{"taxonomy":"post_tag","embeddable":true,"href":"https:\/\/semmelweis.hu\/bioinformatika\/wp-json\/wp\/v2\/tags?post=8531"}],"curies":[{"name":"wp","href":"https:\/\/api.w.org\/{rel}","templated":true}]}}