{"id":8471,"date":"2022-10-28T11:52:28","date_gmt":"2022-10-28T09:52:28","guid":{"rendered":"https:\/\/semmelweis.hu\/bioinformatika\/?p=8471"},"modified":"2022-10-28T12:12:49","modified_gmt":"2022-10-28T10:12:49","slug":"hat-elvezeteses-hordozhato-ekg-a-tanszek-eszkoztaraban","status":"publish","type":"post","link":"https:\/\/semmelweis.hu\/bioinformatika\/hat-elvezeteses-hordozhato-ekg-a-tanszek-eszkoztaraban\/","title":{"rendered":"Hat elvezet\u00e9ses, hordozhat\u00f3 EKG a Tansz\u00e9k eszk\u00f6zt\u00e1r\u00e1ban"},"content":{"rendered":"<div dir=\"ltr\">\n<div>\u00a0<\/div>\n<div><img loading=\"lazy\" decoding=\"async\" class=\"wp-image-8473 alignleft\" src=\"https:\/\/semmelweis.hu\/bioinformatika\/files\/2022\/10\/kardia-EKG_719x524-400x292.jpg\" alt=\"\" width=\"370\" height=\"270\" \/>A Bioinformatika Tansz\u00e9k egy AliveCor KardiaMobile 6L hat elvezet\u00e9ses, hordozhat\u00f3 EKG-val gazdagodott. A kism\u00e9ret\u0171 eszk\u00f6z k\u00f6nnyed\u00e9n \u00f6sszekapcsolhat\u00f3 b\u00e1rmilyen okostelefonnal, h\u00e1rom elektr\u00f3d\u00e1j\u00e1nak k\u00f6sz\u00f6nhet\u0151en pedig b\u00e1rhol k\u00e9pes r\u00f6gz\u00edteni az I, II, III, aVL, aVR \u00e9s aVF elvezet\u00e9seket. A telefonon t\u00e1rolt EKG regisztr\u00e1tum export\u00e1lhat\u00f3 nyers adat form\u00e1j\u00e1ban, mely lehet\u0151v\u00e9 teszi sz\u00e1munkra annak tov\u00e1bbi anal\u00edzis\u00e9t. A Semmelweis Symposiumon Tansz\u00e9k\u00fcnk standj\u00e1n\u00e1l az \u00e9rdekl\u0151d\u0151k kipr\u00f3b\u00e1lhatj\u00e1k az eszk\u00f6zt, illetve r\u00e9szt vehetnek egy kutat\u00e1sban, ahol aktivit\u00e1sm\u00e9r\u0151 okoskark\u00f6t\u0151k \u00e1ltal m\u00e9rt adatokat kapcsolunk \u00f6ssze az EKG-val m\u00e9rt adatokkal.<\/div>\n<\/div>\n","protected":false},"excerpt":{"rendered":"<p>\u00a0 A Bioinformatika Tansz\u00e9k egy AliveCor KardiaMobile 6L hat elvezet\u00e9ses, hordozhat\u00f3 EKG-val gazdagodott. A kism\u00e9ret\u0171 eszk\u00f6z k\u00f6nnyed\u00e9n \u00f6sszekapcsolhat\u00f3 b\u00e1rmilyen okostelefonnal, h\u00e1rom elektr\u00f3d\u00e1j\u00e1nak k\u00f6sz\u00f6nhet\u0151en pedig b\u00e1rhol k\u00e9pes r\u00f6gz\u00edteni az I, II, III, aVL, aVR \u00e9s aVF elvezet\u00e9seket. A telefonon t\u00e1rolt EKG regisztr\u00e1tum export\u00e1lhat\u00f3 nyers adat form\u00e1j\u00e1ban, mely lehet\u0151v\u00e9 teszi sz\u00e1munkra annak tov\u00e1bbi anal\u00edzis\u00e9t. A Semmelweis Symposiumon &hellip;<\/p>\n","protected":false},"author":102018,"featured_media":8505,"comment_status":"closed","ping_status":"closed","sticky":false,"template":"","format":"standard","meta":{"_acf_changed":false,"footnotes":""},"categories":[2],"tags":[],"class_list":["post-8471","post","type-post","status-publish","format-standard","has-post-thumbnail","hentry","category-hirek"],"acf":[],"_links":{"self":[{"href":"https:\/\/semmelweis.hu\/bioinformatika\/wp-json\/wp\/v2\/posts\/8471","targetHints":{"allow":["GET"]}}],"collection":[{"href":"https:\/\/semmelweis.hu\/bioinformatika\/wp-json\/wp\/v2\/posts"}],"about":[{"href":"https:\/\/semmelweis.hu\/bioinformatika\/wp-json\/wp\/v2\/types\/post"}],"author":[{"embeddable":true,"href":"https:\/\/semmelweis.hu\/bioinformatika\/wp-json\/wp\/v2\/users\/102018"}],"replies":[{"embeddable":true,"href":"https:\/\/semmelweis.hu\/bioinformatika\/wp-json\/wp\/v2\/comments?post=8471"}],"version-history":[{"count":5,"href":"https:\/\/semmelweis.hu\/bioinformatika\/wp-json\/wp\/v2\/posts\/8471\/revisions"}],"predecessor-version":[{"id":8477,"href":"https:\/\/semmelweis.hu\/bioinformatika\/wp-json\/wp\/v2\/posts\/8471\/revisions\/8477"}],"wp:featuredmedia":[{"embeddable":true,"href":"https:\/\/semmelweis.hu\/bioinformatika\/wp-json\/wp\/v2\/media\/8505"}],"wp:attachment":[{"href":"https:\/\/semmelweis.hu\/bioinformatika\/wp-json\/wp\/v2\/media?parent=8471"}],"wp:term":[{"taxonomy":"category","embeddable":true,"href":"https:\/\/semmelweis.hu\/bioinformatika\/wp-json\/wp\/v2\/categories?post=8471"},{"taxonomy":"post_tag","embeddable":true,"href":"https:\/\/semmelweis.hu\/bioinformatika\/wp-json\/wp\/v2\/tags?post=8471"}],"curies":[{"name":"wp","href":"https:\/\/api.w.org\/{rel}","templated":true}]}}