{"id":8389,"date":"2022-08-04T11:41:39","date_gmt":"2022-08-04T09:41:39","guid":{"rendered":"https:\/\/semmelweis.hu\/bioinformatika\/?p=8389"},"modified":"2022-08-08T10:59:46","modified_gmt":"2022-08-08T08:59:46","slug":"megjelent-dr-munkacsy-gyongyi-es-dr-gyorffy-balazs-cikke-a-plos-one-nemzetkozi-folyoiratban","status":"publish","type":"post","link":"https:\/\/semmelweis.hu\/bioinformatika\/megjelent-dr-munkacsy-gyongyi-es-dr-gyorffy-balazs-cikke-a-plos-one-nemzetkozi-folyoiratban\/","title":{"rendered":"Megjelent Dr. Munk\u00e1csy Gy\u00f6ngyi \u00e9s Dr. Gy\u0151rffy Bal\u00e1zs cikke a Plos One nemzetk\u00f6zi foly\u00f3iratban"},"content":{"rendered":"<figure id=\"attachment_6539\" aria-describedby=\"caption-attachment-6539\" style=\"width: 259px\" class=\"wp-caption alignleft\"><img loading=\"lazy\" decoding=\"async\" class=\"size-full wp-image-6539\" src=\"https:\/\/semmelweis.hu\/bioinformatika\/files\/2020\/01\/gyongyi.jpg\" alt=\"\" width=\"259\" height=\"371\" \/><figcaption id=\"caption-attachment-6539\" class=\"wp-caption-text\">tudom\u00e1nyos munkat\u00e1rs<\/figcaption><\/figure>\n<p>A PLOS ONE nemzetk\u00f6zi foly\u00f3iratban elfogadott cikk\u00fcnkben azt vizsg\u00e1ltuk, hogy a PhD fokozat megszerz\u00e9se el\u0151tti tudom\u00e1nyos tev\u00e9kenys\u00e9gnek van-e hat\u00e1sa a k\u00e9s\u0151bbi kutat\u00e1si eredm\u00e9nyekre.<\/p>\n<p>Ennek \u00e9rdek\u00e9ben \u00f6sszesen 4790 magyar kutat\u00f3t vizsg\u00e1ltunk az el\u0151z\u0151 5 \u00e9vben megjelent publik\u00e1ci\u00f3ik sz\u00e1ma, a H-index, az utols\u00f3 \u00e9v \u00f6sszes hivatkoz\u00e1si sz\u00e1ma valamint a kutat\u00f3 \u00e9letkor\u00e1nak figyelembev\u00e9tel\u00e9vel. Minden param\u00e9tert a PhD megszerz\u00e9s\u00e9nek \u00e9v\u00e9ben \u00e9s t\u00edz \u00e9vvel k\u00e9s\u0151bb is kisz\u00e1m\u00edtottunk.<\/p>\n<p>Eredm\u00e9nyeink szerint a PhD el\u0151tti param\u00e9terek jelent\u0151sen meghat\u00e1rozz\u00e1k a PhD ut\u00e1ni teljes\u00edtm\u00e9nyt: ha jobbak a mutat\u00f3ink a PhD megszerz\u00e9se el\u0151tt, akkor jobban teljes\u00edt\u00fcnk annak megszerz\u00e9se ut\u00e1n is.<\/p>\n<p>Mindh\u00e1rom, t\u00edz \u00e9vvel a PhD megszerz\u00e9se ut\u00e1n m\u00e9rt m\u00e9r\u0151sz\u00e1m negat\u00edvan korrel\u00e1lt a kutat\u00f3 \u00e9letkor\u00e1val a doktori fokozat megszerz\u00e9s\u00e9nek id\u0151pontj\u00e1ban: fiatalabban fokozatot szerz\u0151 kutat\u00f3 10 \u00e9vvel k\u00e9s\u0151bb jobban teljes\u00edt.<\/p>\n<p>A vizsg\u00e1latban tudom\u00e1nyter\u00fcletekre vonatkoz\u00f3 eredm\u00e9nyeink is sz\u00fclettek. Ezek megtekinthet\u0151k <a href=\"https:\/\/journals.plos.org\/plosone\/article?id=10.1371\/journal.pone.0271218\" target=\"_blank\" rel=\"noopener\">ezen a linken<\/a>.<\/p>\n<p>Munk\u00e1csy Gy, Herman P, Gy\u0151rffy B: Comparison of scientometric achievements at PhD and scientific output ten years later for 4,790 academic researchers,\u00a0 PloS one 17 (7), e0271218<\/p>\n","protected":false},"excerpt":{"rendered":"<p>A PLOS ONE nemzetk\u00f6zi foly\u00f3iratban elfogadott cikk\u00fcnkben azt vizsg\u00e1ltuk, hogy a PhD fokozat megszerz\u00e9se el\u0151tti tudom\u00e1nyos tev\u00e9kenys\u00e9gnek van-e hat\u00e1sa a k\u00e9s\u0151bbi kutat\u00e1si eredm\u00e9nyekre. Ennek \u00e9rdek\u00e9ben \u00f6sszesen 4790 magyar kutat\u00f3t vizsg\u00e1ltunk az el\u0151z\u0151 5 \u00e9vben megjelent publik\u00e1ci\u00f3ik sz\u00e1ma, a H-index, az utols\u00f3 \u00e9v \u00f6sszes hivatkoz\u00e1si sz\u00e1ma valamint a kutat\u00f3 \u00e9letkor\u00e1nak figyelembev\u00e9tel\u00e9vel. Minden param\u00e9tert a PhD megszerz\u00e9s\u00e9nek &hellip;<\/p>\n","protected":false},"author":102018,"featured_media":8392,"comment_status":"closed","ping_status":"closed","sticky":false,"template":"","format":"standard","meta":{"_acf_changed":false,"footnotes":""},"categories":[2],"tags":[],"class_list":["post-8389","post","type-post","status-publish","format-standard","has-post-thumbnail","hentry","category-hirek"],"acf":[],"_links":{"self":[{"href":"https:\/\/semmelweis.hu\/bioinformatika\/wp-json\/wp\/v2\/posts\/8389","targetHints":{"allow":["GET"]}}],"collection":[{"href":"https:\/\/semmelweis.hu\/bioinformatika\/wp-json\/wp\/v2\/posts"}],"about":[{"href":"https:\/\/semmelweis.hu\/bioinformatika\/wp-json\/wp\/v2\/types\/post"}],"author":[{"embeddable":true,"href":"https:\/\/semmelweis.hu\/bioinformatika\/wp-json\/wp\/v2\/users\/102018"}],"replies":[{"embeddable":true,"href":"https:\/\/semmelweis.hu\/bioinformatika\/wp-json\/wp\/v2\/comments?post=8389"}],"version-history":[{"count":6,"href":"https:\/\/semmelweis.hu\/bioinformatika\/wp-json\/wp\/v2\/posts\/8389\/revisions"}],"predecessor-version":[{"id":8397,"href":"https:\/\/semmelweis.hu\/bioinformatika\/wp-json\/wp\/v2\/posts\/8389\/revisions\/8397"}],"wp:featuredmedia":[{"embeddable":true,"href":"https:\/\/semmelweis.hu\/bioinformatika\/wp-json\/wp\/v2\/media\/8392"}],"wp:attachment":[{"href":"https:\/\/semmelweis.hu\/bioinformatika\/wp-json\/wp\/v2\/media?parent=8389"}],"wp:term":[{"taxonomy":"category","embeddable":true,"href":"https:\/\/semmelweis.hu\/bioinformatika\/wp-json\/wp\/v2\/categories?post=8389"},{"taxonomy":"post_tag","embeddable":true,"href":"https:\/\/semmelweis.hu\/bioinformatika\/wp-json\/wp\/v2\/tags?post=8389"}],"curies":[{"name":"wp","href":"https:\/\/api.w.org\/{rel}","templated":true}]}}