{"id":8379,"date":"2022-08-01T15:06:15","date_gmt":"2022-08-01T13:06:15","guid":{"rendered":"https:\/\/semmelweis.hu\/bioinformatika\/?p=8379"},"modified":"2022-08-01T15:18:10","modified_gmt":"2022-08-01T13:18:10","slug":"prof-dr-gyorffy-balazs-kivalo-phd-temavezeto-dijat-kapott","status":"publish","type":"post","link":"https:\/\/semmelweis.hu\/bioinformatika\/prof-dr-gyorffy-balazs-kivalo-phd-temavezeto-dijat-kapott\/","title":{"rendered":"Prof. Dr. Gy\u0151rffy Bal\u00e1zs Kiv\u00e1l\u00f3 PhD T\u00e9mavezet\u0151 d\u00edjat kapott"},"content":{"rendered":"<p style=\"text-align: justify\"><img loading=\"lazy\" decoding=\"async\" class=\"wp-image-8384 size-medium alignright\" src=\"https:\/\/semmelweis.hu\/bioinformatika\/files\/2022\/08\/Oklevel-GYB_-Kivalo-PhD-temavezeto-002-283x400.png\" alt=\"\" width=\"283\" height=\"400\" srcset=\"https:\/\/semmelweis.hu\/bioinformatika\/files\/2022\/08\/Oklevel-GYB_-Kivalo-PhD-temavezeto-002-283x400.png 283w, https:\/\/semmelweis.hu\/bioinformatika\/files\/2022\/08\/Oklevel-GYB_-Kivalo-PhD-temavezeto-002.png 508w\" sizes=\"auto, (max-width: 283px) 100vw, 283px\" \/>Id\u00e9n ism\u00e9t megrendez\u00e9sre ker\u00fclt a PhD Tudom\u00e1nyos Napok, melyet J\u00falius 6-\u00e1n \u00e9s 7-\u00e9n az Elm\u00e9leti Orvostudom\u00e1nyi K\u00f6zpontban tartottak. Az esem\u00e9ny c\u00e9lja, hogy lehet\u0151s\u00e9get adjon a Semmelweis Egyetem PhD-hallgat\u00f3inak, hogy eredm\u00e9nyeiket bemutass\u00e1k, el\u0151ad\u00f3i k\u00e9szs\u00e9geiket fejlessz\u00e9k \u00e9s megismerj\u00e9k egym\u00e1s munk\u00e1it. A konferenci\u00e1n ker\u00fcl kihirdet\u00e9sre a Kiv\u00e1l\u00f3 PhD T\u00e9mavezet\u0151 d\u00edj amelyet a doktoranduszok \u00e9s doktorjel\u00f6ltek k\u00e9pz\u00e9s\u00e9ben kifejtett kimagasl\u00f3 teljes\u00edtm\u00e9ny\u00e9\u00e9rt tansz\u00e9k\u00fcnk vezet\u0151je Prof. Dr. Gy\u0151rffy Bal\u00e1zs kapott.<\/p>\n","protected":false},"excerpt":{"rendered":"<p>Id\u00e9n ism\u00e9t megrendez\u00e9sre ker\u00fclt a PhD Tudom\u00e1nyos Napok, melyet J\u00falius 6-\u00e1n \u00e9s 7-\u00e9n az Elm\u00e9leti Orvostudom\u00e1nyi K\u00f6zpontban tartottak. Az esem\u00e9ny c\u00e9lja, hogy lehet\u0151s\u00e9get adjon a Semmelweis Egyetem PhD-hallgat\u00f3inak, hogy eredm\u00e9nyeiket bemutass\u00e1k, el\u0151ad\u00f3i k\u00e9szs\u00e9geiket fejlessz\u00e9k \u00e9s megismerj\u00e9k egym\u00e1s munk\u00e1it. A konferenci\u00e1n ker\u00fcl kihirdet\u00e9sre a Kiv\u00e1l\u00f3 PhD T\u00e9mavezet\u0151 d\u00edj amelyet a doktoranduszok \u00e9s doktorjel\u00f6ltek k\u00e9pz\u00e9s\u00e9ben kifejtett kimagasl\u00f3 &hellip;<\/p>\n","protected":false},"author":102018,"featured_media":8384,"comment_status":"closed","ping_status":"closed","sticky":false,"template":"","format":"standard","meta":{"_acf_changed":false,"footnotes":""},"categories":[2],"tags":[],"class_list":["post-8379","post","type-post","status-publish","format-standard","has-post-thumbnail","hentry","category-hirek"],"acf":[],"_links":{"self":[{"href":"https:\/\/semmelweis.hu\/bioinformatika\/wp-json\/wp\/v2\/posts\/8379","targetHints":{"allow":["GET"]}}],"collection":[{"href":"https:\/\/semmelweis.hu\/bioinformatika\/wp-json\/wp\/v2\/posts"}],"about":[{"href":"https:\/\/semmelweis.hu\/bioinformatika\/wp-json\/wp\/v2\/types\/post"}],"author":[{"embeddable":true,"href":"https:\/\/semmelweis.hu\/bioinformatika\/wp-json\/wp\/v2\/users\/102018"}],"replies":[{"embeddable":true,"href":"https:\/\/semmelweis.hu\/bioinformatika\/wp-json\/wp\/v2\/comments?post=8379"}],"version-history":[{"count":5,"href":"https:\/\/semmelweis.hu\/bioinformatika\/wp-json\/wp\/v2\/posts\/8379\/revisions"}],"predecessor-version":[{"id":8387,"href":"https:\/\/semmelweis.hu\/bioinformatika\/wp-json\/wp\/v2\/posts\/8379\/revisions\/8387"}],"wp:featuredmedia":[{"embeddable":true,"href":"https:\/\/semmelweis.hu\/bioinformatika\/wp-json\/wp\/v2\/media\/8384"}],"wp:attachment":[{"href":"https:\/\/semmelweis.hu\/bioinformatika\/wp-json\/wp\/v2\/media?parent=8379"}],"wp:term":[{"taxonomy":"category","embeddable":true,"href":"https:\/\/semmelweis.hu\/bioinformatika\/wp-json\/wp\/v2\/categories?post=8379"},{"taxonomy":"post_tag","embeddable":true,"href":"https:\/\/semmelweis.hu\/bioinformatika\/wp-json\/wp\/v2\/tags?post=8379"}],"curies":[{"name":"wp","href":"https:\/\/api.w.org\/{rel}","templated":true}]}}