{"id":8259,"date":"2022-06-12T17:43:36","date_gmt":"2022-06-12T15:43:36","guid":{"rendered":"https:\/\/semmelweis.hu\/bioinformatika\/?p=8259"},"modified":"2022-06-12T17:48:59","modified_gmt":"2022-06-12T15:48:59","slug":"51-membran-transzport-konferencia-2022-majus-17-20-sumegen","status":"publish","type":"post","link":"https:\/\/semmelweis.hu\/bioinformatika\/51-membran-transzport-konferencia-2022-majus-17-20-sumegen\/","title":{"rendered":"51. Membr\u00e1n-Transzport Konferencia 2022. m\u00e1jus 17-20. k\u00f6z\u00f6tt S\u00fcmegen"},"content":{"rendered":"<p><img loading=\"lazy\" decoding=\"async\" class=\"size-medium wp-image-8260 alignleft\" src=\"https:\/\/semmelweis.hu\/bioinformatika\/files\/2022\/06\/sumeg3-400x265.jpg\" alt=\"\" width=\"400\" height=\"265\" srcset=\"https:\/\/semmelweis.hu\/bioinformatika\/files\/2022\/06\/sumeg3-400x265.jpg 400w, https:\/\/semmelweis.hu\/bioinformatika\/files\/2022\/06\/sumeg3-768x508.jpg 768w, https:\/\/semmelweis.hu\/bioinformatika\/files\/2022\/06\/sumeg3-753x498.jpg 753w, https:\/\/semmelweis.hu\/bioinformatika\/files\/2022\/06\/sumeg3-203x135.jpg 203w, https:\/\/semmelweis.hu\/bioinformatika\/files\/2022\/06\/sumeg3.jpg 800w\" sizes=\"auto, (max-width: 400px) 100vw, 400px\" \/><\/p>\n<p>Az <em>Magyar Biofizikai T\u00e1rsas\u00e1g<\/em> 51. Membr\u00e1n-Transzport konferenci\u00e1j\u00e1t 2022. m\u00e1jus 17-20. k\u00f6z\u00f6tt rendezte meg S\u00fcmegen, melyen a Bioinformatika Tansz\u00e9k munkat\u00e1rsai sz\u00e9p sz\u00e1mmal r\u00e9szt vettek \u00e9s a fiatal kutat\u00f3k sz\u00e1m\u00e1ra is lehet\u0151s\u00e9g ny\u00edlt munk\u00e1ik prezent\u00e1l\u00e1s\u00e1ra.<\/p>\n<p>&nbsp;<\/p>\n<p><strong><em>A KISSEJTES T\u00dcD\u0150R\u00c1K MOLEKUL\u00c1RIS ALT\u00cdPUSAINAK VIZSG\u00c1LATA<\/em> <\/strong>c\u00edm\u0171 el\u0151ad\u00e1s t\u00e1rsszerz\u0151je &#8211;\u00a0 hazai \u00e9s nemzetk\u00f6zi egy\u00fcttm\u0171k\u00f6d\u00e9s keret\u00e9ben &#8211; int\u00e9zet\u00fcnk munkat\u00e1rsa <em>Dr. Sz\u00e1sz Attila Marcell <\/em>volt.<\/p>\n<p>Int\u00e9zet\u00fcnk kutat\u00e1si eredm\u00e9nyei\u00a0 poszterel\u0151ad\u00e1s form\u00e1j\u00e1ban az al\u00e1bbi c\u00edmekkel ker\u00fcltek bemutat\u00e1sra:<\/p>\n<p><em>Dr. Bartha\u00a0 \u00c1ron,<\/em><em> Prof. Dr. Gy\u0151rffy Bal\u00e1zs\u00a0\u00a0<\/em><strong><em>VIL\u00c1GOSSEJTES VESEDAGANAT \u00c9S NORMAL VESESZ\u00d6VET PROTEOM \u00c9S <\/em><\/strong><strong><em>TRANSZKRIPTOM SZINT\u0170 C\u00c9LZOTT ELEMZ\u00c9SE<\/em><\/strong> \u00a0<\/p>\n<p><em>Dr. Fekete J\u00e1nos Tibor, Prof. Dr. Gy\u0151rffy Bal\u00e1zs<\/em> \u00a0<strong><em>PREDIKT\u00cdV BIOMARKEREK AZONOS\u00cdT\u00c1SA DAGANATOS SEJTVONALAKBAN<\/em><\/strong><\/p>\n<p><em>Kov\u00e1cs Szonja Anna (PhD hallgat\u00f3), Prof. Dr. Gy\u0151rffy Bal\u00e1zs<\/em> \u00a0<strong><em>AZ IMMUNELLEN\u0150RZ\u0150PONT-G\u00c1TL\u00d3SZEREK TER\u00c1PI\u00c1S HAT\u00c1S\u00c1NAK EL\u0150SEG\u00cdT\u00c9SE<\/em><\/strong><br \/>\n<strong><em>TIROZIN-KIN\u00c1ZG\u00c1LT\u00d3K SEG\u00cdTS\u00c9G\u00c9VEL<\/em><\/strong><\/p>\n<p><em>Dr. Menyh\u00e1rt Ot\u00edlia, Dr. Bartha \u00c1ron, Prof. Dr. Gy\u0151rffy Bal\u00e1zs\u00a0 <strong>A TUMOROS \u00c9S NORM\u00c1L SZ\u00d6VETEK K\u00d6Z\u00d6TT MEG\u0150RZ\u00d6TT G\u00c9NEXPRESSZI\u00d3S<\/strong><\/em><br \/>\n<em><strong>KORREL\u00c1CI\u00d3K AZ EXTRACELLUL\u00c1RIS M\u00c1TRIX FONTOSS\u00c1G\u00c1RA UTALNAK <\/strong><\/em><em><strong>HASNY\u00c1LMIRIGY KARCIN\u00d3M\u00c1BAN<\/strong><\/em><\/p>\n<p><em>M\u00fcller Dalma (PhD hallgat\u00f3), Prof. Dr. Gy\u0151rffy Bal\u00e1zs\u00a0 <strong>MEMBR\u00c1NTRANSZPORTHOZ KAPCSOLHAT\u00d3 G\u00c9NEK METIL\u00c1CI\u00d3S V\u00c1LTOZ\u00c1SAI A<\/strong><br \/>\n<strong>VASTAGB\u00c9L ADENOKARCIN\u00d3MA KIALAKUL\u00c1SA SOR\u00c1N<\/strong><\/em><\/p>\n<p>&nbsp;<\/p>\n","protected":false},"excerpt":{"rendered":"<p>Az Magyar Biofizikai T\u00e1rsas\u00e1g 51. Membr\u00e1n-Transzport konferenci\u00e1j\u00e1t 2022. m\u00e1jus 17-20. k\u00f6z\u00f6tt rendezte meg S\u00fcmegen, melyen a Bioinformatika Tansz\u00e9k munkat\u00e1rsai sz\u00e9p sz\u00e1mmal r\u00e9szt vettek \u00e9s a fiatal kutat\u00f3k sz\u00e1m\u00e1ra is lehet\u0151s\u00e9g ny\u00edlt munk\u00e1ik prezent\u00e1l\u00e1s\u00e1ra. &nbsp; A KISSEJTES T\u00dcD\u0150R\u00c1K MOLEKUL\u00c1RIS ALT\u00cdPUSAINAK VIZSG\u00c1LATA c\u00edm\u0171 el\u0151ad\u00e1s t\u00e1rsszerz\u0151je &#8211;\u00a0 hazai \u00e9s nemzetk\u00f6zi egy\u00fcttm\u0171k\u00f6d\u00e9s keret\u00e9ben &#8211; int\u00e9zet\u00fcnk munkat\u00e1rsa Dr. Sz\u00e1sz Attila &hellip;<\/p>\n","protected":false},"author":102018,"featured_media":8260,"comment_status":"closed","ping_status":"closed","sticky":false,"template":"","format":"standard","meta":{"_acf_changed":false,"footnotes":""},"categories":[2],"tags":[],"class_list":["post-8259","post","type-post","status-publish","format-standard","has-post-thumbnail","hentry","category-hirek"],"acf":[],"_links":{"self":[{"href":"https:\/\/semmelweis.hu\/bioinformatika\/wp-json\/wp\/v2\/posts\/8259","targetHints":{"allow":["GET"]}}],"collection":[{"href":"https:\/\/semmelweis.hu\/bioinformatika\/wp-json\/wp\/v2\/posts"}],"about":[{"href":"https:\/\/semmelweis.hu\/bioinformatika\/wp-json\/wp\/v2\/types\/post"}],"author":[{"embeddable":true,"href":"https:\/\/semmelweis.hu\/bioinformatika\/wp-json\/wp\/v2\/users\/102018"}],"replies":[{"embeddable":true,"href":"https:\/\/semmelweis.hu\/bioinformatika\/wp-json\/wp\/v2\/comments?post=8259"}],"version-history":[{"count":10,"href":"https:\/\/semmelweis.hu\/bioinformatika\/wp-json\/wp\/v2\/posts\/8259\/revisions"}],"predecessor-version":[{"id":8270,"href":"https:\/\/semmelweis.hu\/bioinformatika\/wp-json\/wp\/v2\/posts\/8259\/revisions\/8270"}],"wp:featuredmedia":[{"embeddable":true,"href":"https:\/\/semmelweis.hu\/bioinformatika\/wp-json\/wp\/v2\/media\/8260"}],"wp:attachment":[{"href":"https:\/\/semmelweis.hu\/bioinformatika\/wp-json\/wp\/v2\/media?parent=8259"}],"wp:term":[{"taxonomy":"category","embeddable":true,"href":"https:\/\/semmelweis.hu\/bioinformatika\/wp-json\/wp\/v2\/categories?post=8259"},{"taxonomy":"post_tag","embeddable":true,"href":"https:\/\/semmelweis.hu\/bioinformatika\/wp-json\/wp\/v2\/tags?post=8259"}],"curies":[{"name":"wp","href":"https:\/\/api.w.org\/{rel}","templated":true}]}}