{"id":8207,"date":"2022-05-17T14:33:39","date_gmt":"2022-05-17T12:33:39","guid":{"rendered":"https:\/\/semmelweis.hu\/bioinformatika\/?p=8207"},"modified":"2022-05-24T12:07:02","modified_gmt":"2022-05-24T10:07:02","slug":"a-bioinformatika-tanszek-munkatarsai-altal-fejlesztett-tnmplot-com-a-legtobbet-idezett-publikacio-2021-ben-az-international-journal-of-molecular-sciences-folyoirat-cikkei-kozul","status":"publish","type":"post","link":"https:\/\/semmelweis.hu\/bioinformatika\/a-bioinformatika-tanszek-munkatarsai-altal-fejlesztett-tnmplot-com-a-legtobbet-idezett-publikacio-2021-ben-az-international-journal-of-molecular-sciences-folyoirat-cikkei-kozul\/","title":{"rendered":"A legt\u00f6bbet id\u00e9zett publik\u00e1ci\u00f3 2021-ben az International Journal of Molecular Sciences foly\u00f3irat cikkei k\u00f6z\u00fcl."},"content":{"rendered":"<p style=\"text-align: justify\"><img loading=\"lazy\" decoding=\"async\" class=\"wp-image-8209 alignleft\" src=\"https:\/\/semmelweis.hu\/bioinformatika\/files\/2022\/05\/kep-400x148.png\" alt=\"\" width=\"298\" height=\"110\" \/><\/p>\n<p>A Bioinformatika Tansz\u00e9k munkat\u00e1rsai \u00e1ltal fejlesztett tnmplot.com a legt\u00f6bbet id\u00e9zett publik\u00e1ci\u00f3 2021-ben az International Journal of Molecular Sciences foly\u00f3irat cikkei k\u00f6z\u00fcl.<\/p>\n<p style=\"text-align: justify\">A Bartha \u00c1ron \u00e9s Gy\u0151rffy Bal\u00e1zs \u00e1ltal fejlesztett tnmplot.com webfel\u00fclet \u00e9rte el a legt\u00f6bb cit\u00e1ci\u00f3t 2021-ben International Journal of Molecular Sciences D1-es foly\u00f3iratban. A leggyakrabban id\u00e9zett els\u0151 10 publik\u00e1ci\u00f3 list\u00e1ja <a href=\"https:\/\/www.mdpi.com\/journal\/ijms\/announcements\/3783\">innen \u00e9rhet\u0151 el<\/a>. A l\u00e9trehozott web platform lehet\u0151v\u00e9 teszi a norm\u00e1l, tumoros \u00e9s metasztatikus sz\u00f6vetek g\u00e9nexpresszi\u00f3 szint\u0171 \u00f6sszehasonl\u00edt\u00e1s\u00e1t. Az oldal el\u00e9rhet\u0151 a <a href=\"https:\/\/tnmplot.com\/analysis\/\">https:\/\/tnmplot.com\/analysis\/<\/a> c\u00edmen.<\/p>\n","protected":false},"excerpt":{"rendered":"<p>A Bioinformatika Tansz\u00e9k munkat\u00e1rsai \u00e1ltal fejlesztett tnmplot.com a legt\u00f6bbet id\u00e9zett publik\u00e1ci\u00f3 2021-ben az International Journal of Molecular Sciences foly\u00f3irat cikkei k\u00f6z\u00fcl. A Bartha \u00c1ron \u00e9s Gy\u0151rffy Bal\u00e1zs \u00e1ltal fejlesztett tnmplot.com webfel\u00fclet \u00e9rte el a legt\u00f6bb cit\u00e1ci\u00f3t 2021-ben International Journal of Molecular Sciences D1-es foly\u00f3iratban. A leggyakrabban id\u00e9zett els\u0151 10 publik\u00e1ci\u00f3 list\u00e1ja <a href=\"https:\/\/www.mdpi.com\/journal\/ijms\/announcements\/3783\">innen \u00e9rhet\u0151 el<\/a> . A l\u00e9trehozott web &hellip;<\/p>\n","protected":false},"author":102018,"featured_media":8221,"comment_status":"closed","ping_status":"closed","sticky":false,"template":"","format":"standard","meta":{"_acf_changed":false,"footnotes":""},"categories":[2],"tags":[],"class_list":["post-8207","post","type-post","status-publish","format-standard","has-post-thumbnail","hentry","category-hirek"],"acf":[],"_links":{"self":[{"href":"https:\/\/semmelweis.hu\/bioinformatika\/wp-json\/wp\/v2\/posts\/8207","targetHints":{"allow":["GET"]}}],"collection":[{"href":"https:\/\/semmelweis.hu\/bioinformatika\/wp-json\/wp\/v2\/posts"}],"about":[{"href":"https:\/\/semmelweis.hu\/bioinformatika\/wp-json\/wp\/v2\/types\/post"}],"author":[{"embeddable":true,"href":"https:\/\/semmelweis.hu\/bioinformatika\/wp-json\/wp\/v2\/users\/102018"}],"replies":[{"embeddable":true,"href":"https:\/\/semmelweis.hu\/bioinformatika\/wp-json\/wp\/v2\/comments?post=8207"}],"version-history":[{"count":10,"href":"https:\/\/semmelweis.hu\/bioinformatika\/wp-json\/wp\/v2\/posts\/8207\/revisions"}],"predecessor-version":[{"id":8219,"href":"https:\/\/semmelweis.hu\/bioinformatika\/wp-json\/wp\/v2\/posts\/8207\/revisions\/8219"}],"wp:featuredmedia":[{"embeddable":true,"href":"https:\/\/semmelweis.hu\/bioinformatika\/wp-json\/wp\/v2\/media\/8221"}],"wp:attachment":[{"href":"https:\/\/semmelweis.hu\/bioinformatika\/wp-json\/wp\/v2\/media?parent=8207"}],"wp:term":[{"taxonomy":"category","embeddable":true,"href":"https:\/\/semmelweis.hu\/bioinformatika\/wp-json\/wp\/v2\/categories?post=8207"},{"taxonomy":"post_tag","embeddable":true,"href":"https:\/\/semmelweis.hu\/bioinformatika\/wp-json\/wp\/v2\/tags?post=8207"}],"curies":[{"name":"wp","href":"https:\/\/api.w.org\/{rel}","templated":true}]}}