{"id":7777,"date":"2022-01-24T09:14:12","date_gmt":"2022-01-24T08:14:12","guid":{"rendered":"https:\/\/semmelweis.hu\/bioinformatika\/?p=7777"},"modified":"2022-02-11T09:04:33","modified_gmt":"2022-02-11T08:04:33","slug":"gratulalunk-fekete-janos-tibornak-a-sikeres-ph-d-vedeshez","status":"publish","type":"post","link":"https:\/\/semmelweis.hu\/bioinformatika\/gratulalunk-fekete-janos-tibornak-a-sikeres-ph-d-vedeshez\/","title":{"rendered":"Gratul\u00e1lunk Fekete J\u00e1nos Tibornak a sikeres Ph.D v\u00e9d\u00e9shez"},"content":{"rendered":"<figure id=\"attachment_7778\" aria-describedby=\"caption-attachment-7778\" style=\"width: 400px\" class=\"wp-caption alignleft\"><img loading=\"lazy\" decoding=\"async\" class=\"wp-image-7778 size-medium\" title=\"Fekete_J\u00e1nos-thesis_defense_2022\" src=\"https:\/\/semmelweis.hu\/bioinformatika\/files\/2022\/01\/Fekete_Janos_thesis_defense-400x160.jpg\" alt=\"Fekete_J\u00e1nos-thesis_defense_2022\" width=\"400\" height=\"160\" srcset=\"https:\/\/semmelweis.hu\/bioinformatika\/files\/2022\/01\/Fekete_Janos_thesis_defense-400x160.jpg 400w, https:\/\/semmelweis.hu\/bioinformatika\/files\/2022\/01\/Fekete_Janos_thesis_defense-1024x411.jpg 1024w, https:\/\/semmelweis.hu\/bioinformatika\/files\/2022\/01\/Fekete_Janos_thesis_defense-768x308.jpg 768w, https:\/\/semmelweis.hu\/bioinformatika\/files\/2022\/01\/Fekete_Janos_thesis_defense-1536x616.jpg 1536w, https:\/\/semmelweis.hu\/bioinformatika\/files\/2022\/01\/Fekete_Janos_thesis_defense-753x302.jpg 753w, https:\/\/semmelweis.hu\/bioinformatika\/files\/2022\/01\/Fekete_Janos_thesis_defense.jpg 1989w\" sizes=\"auto, (max-width: 400px) 100vw, 400px\" \/><figcaption id=\"caption-attachment-7778\" class=\"wp-caption-text\">Fekete J\u00e1nos v\u00e9d\u00e9se 2022<\/figcaption><\/figure>\n<p>Fekete J\u00e1nos Tibor sikeresen v\u00e9dte meg a Predikt\u00edv biomarkerek vizsg\u00e1lata k\u00fcl\u00f6nb\u00f6z\u0151 daganatt\u00edpusokban c\u00edm\u0171 Ph.<span style=\"font-size: 1rem\">D \u00e9rtekez\u00e9s\u00e9t.<\/span><\/p>\n<p><span style=\"font-size: 1rem\">Az \u00e9rtekez\u00e9s alapj\u00e1t ad\u00f3 n\u00e9gy k\u00f6zlem\u00e9ny impakt faktora 19,072, a tov\u00e1bbi n\u00e9gy publik\u00e1ci\u00f3val egy\u00fctt az \u00f6sszes\u00edtett impakt faktor: 37,477.\u00a0\u00a0<\/span><\/p>\n","protected":false},"excerpt":{"rendered":"<p>Fekete J\u00e1nos Tibor sikeresen v\u00e9dte meg a Predikt\u00edv biomarkerek vizsg\u00e1lata k\u00fcl\u00f6nb\u00f6z\u0151 daganatt\u00edpusokban c\u00edm\u0171 Ph.D \u00e9rtekez\u00e9s\u00e9t.<br \/>\nAz \u00e9rtekez\u00e9s alapj\u00e1t ad\u00f3 n\u00e9gy k\u00f6zlem\u00e9ny impakt faktora 19,072, a tov\u00e1bbi n\u00e9gy publik\u00e1ci\u00f3val egy\u00fctt az \u00f6sszes\u00edtett impakt faktor: 37,477.\u00a0\u00a0<\/p>\n","protected":false},"author":102019,"featured_media":7778,"comment_status":"closed","ping_status":"closed","sticky":false,"template":"","format":"standard","meta":{"_acf_changed":false,"footnotes":""},"categories":[2],"tags":[],"class_list":["post-7777","post","type-post","status-publish","format-standard","has-post-thumbnail","hentry","category-hirek"],"acf":[],"_links":{"self":[{"href":"https:\/\/semmelweis.hu\/bioinformatika\/wp-json\/wp\/v2\/posts\/7777","targetHints":{"allow":["GET"]}}],"collection":[{"href":"https:\/\/semmelweis.hu\/bioinformatika\/wp-json\/wp\/v2\/posts"}],"about":[{"href":"https:\/\/semmelweis.hu\/bioinformatika\/wp-json\/wp\/v2\/types\/post"}],"author":[{"embeddable":true,"href":"https:\/\/semmelweis.hu\/bioinformatika\/wp-json\/wp\/v2\/users\/102019"}],"replies":[{"embeddable":true,"href":"https:\/\/semmelweis.hu\/bioinformatika\/wp-json\/wp\/v2\/comments?post=7777"}],"version-history":[{"count":6,"href":"https:\/\/semmelweis.hu\/bioinformatika\/wp-json\/wp\/v2\/posts\/7777\/revisions"}],"predecessor-version":[{"id":7955,"href":"https:\/\/semmelweis.hu\/bioinformatika\/wp-json\/wp\/v2\/posts\/7777\/revisions\/7955"}],"wp:featuredmedia":[{"embeddable":true,"href":"https:\/\/semmelweis.hu\/bioinformatika\/wp-json\/wp\/v2\/media\/7778"}],"wp:attachment":[{"href":"https:\/\/semmelweis.hu\/bioinformatika\/wp-json\/wp\/v2\/media?parent=7777"}],"wp:term":[{"taxonomy":"category","embeddable":true,"href":"https:\/\/semmelweis.hu\/bioinformatika\/wp-json\/wp\/v2\/categories?post=7777"},{"taxonomy":"post_tag","embeddable":true,"href":"https:\/\/semmelweis.hu\/bioinformatika\/wp-json\/wp\/v2\/tags?post=7777"}],"curies":[{"name":"wp","href":"https:\/\/api.w.org\/{rel}","templated":true}]}}