{"id":7763,"date":"2022-01-20T09:54:10","date_gmt":"2022-01-20T08:54:10","guid":{"rendered":"https:\/\/semmelweis.hu\/bioinformatika\/?p=7763"},"modified":"2022-04-06T14:28:56","modified_gmt":"2022-04-06T12:28:56","slug":"onkobank-a-bioinformatika-tanszeken","status":"publish","type":"post","link":"https:\/\/semmelweis.hu\/bioinformatika\/onkobank-a-bioinformatika-tanszeken\/","title":{"rendered":"Elindult az Onkobank a Bioinformatika Tansz\u00e9ken"},"content":{"rendered":"<p>A <a href=\"https:\/\/www.onkobank.com\/\" target=\"_blank\" rel=\"noopener\">Semmelweis Onkol\u00f3giai Sz\u00f6vetbank<\/a> 2022.01.17-\u00e9n megkezdte mintagy\u0171jt\u00e9s\u00e9t, els\u0151k\u00e9nt a Sz\u00fcl\u00e9szeti \u00e9s N\u0151gy\u00f3gy\u00e1szati Klinika \u00e9s az I. Sz. Patol\u00f3giai \u00e9s K\u00eds\u00e9rleti R\u00e1kkutat\u00f3 Int\u00e9zet k\u00f6zrem\u0171k\u00f6d\u00e9s\u00e9vel. Az enged\u00e9lyek megszerz\u00e9se, a laborat\u00f3rium felszerel\u00e9se \u00e9s a felt\u00e9telek megteremt\u00e9se ut\u00e1n a t\u00e9nyleges mintagy\u0171jt\u00e9s megszervez\u00e9se k\u00f6vetkezett. A daganatos betegekt\u0151l sz\u00e1rmaz\u00f3 sz\u00f6vet- \u00e9s v\u00e9rmint\u00e1kat fagyaszt\u00e1s ut\u00e1n az Onkobank laborat\u00f3rium\u00e1ban t\u00e1roljuk, melyeket k\u00e9s\u0151bb diagnosztikus, predikt\u00edv \u00e9s prognosztikus biomarkerek kutat\u00e1s\u00e1ra haszn\u00e1lunk fel. T\u00f6bb r\u00e9sztvev\u0151 klinik\u00e1n is egyeztet\u00e9sek folynak, a kezdeti tapasztalatokat felhaszn\u00e1lva mihamarabb\u00a0szeretn\u00e9nk kiterjeszteni a mintagy\u0171jt\u00e9st.<\/p>\n<p><figure id=\"attachment_7774\" aria-describedby=\"caption-attachment-7774\" style=\"width: 400px\" class=\"wp-caption alignleft\"><img loading=\"lazy\" decoding=\"async\" class=\"wp-image-7774 size-medium\" src=\"https:\/\/semmelweis.hu\/bioinformatika\/files\/2022\/01\/Swatch_min-1-400x293.jpg\" alt=\"Mint\u00e1ink\" width=\"400\" height=\"293\" srcset=\"https:\/\/semmelweis.hu\/bioinformatika\/files\/2022\/01\/Swatch_min-1-400x293.jpg 400w, https:\/\/semmelweis.hu\/bioinformatika\/files\/2022\/01\/Swatch_min-1-1024x749.jpg 1024w, https:\/\/semmelweis.hu\/bioinformatika\/files\/2022\/01\/Swatch_min-1-768x562.jpg 768w, https:\/\/semmelweis.hu\/bioinformatika\/files\/2022\/01\/Swatch_min-1-753x551.jpg 753w, https:\/\/semmelweis.hu\/bioinformatika\/files\/2022\/01\/Swatch_min-1.jpg 1136w\" sizes=\"auto, (max-width: 400px) 100vw, 400px\" \/><figcaption id=\"caption-attachment-7774\" class=\"wp-caption-text\">Mint\u00e1ink<\/figcaption><\/figure> <figure id=\"attachment_7764\" aria-describedby=\"caption-attachment-7764\" style=\"width: 400px\" class=\"wp-caption alignleft\"><img loading=\"lazy\" decoding=\"async\" class=\"wp-image-7764 size-medium\" src=\"https:\/\/semmelweis.hu\/bioinformatika\/files\/2022\/01\/OnkoBank_Start-400x300.jpg\" alt=\"T\u00e1rol\u00e1s\" width=\"400\" height=\"300\" srcset=\"https:\/\/semmelweis.hu\/bioinformatika\/files\/2022\/01\/OnkoBank_Start-400x300.jpg 400w, https:\/\/semmelweis.hu\/bioinformatika\/files\/2022\/01\/OnkoBank_Start-1024x769.jpg 1024w, https:\/\/semmelweis.hu\/bioinformatika\/files\/2022\/01\/OnkoBank_Start-768x577.jpg 768w, https:\/\/semmelweis.hu\/bioinformatika\/files\/2022\/01\/OnkoBank_Start-1536x1154.jpg 1536w, https:\/\/semmelweis.hu\/bioinformatika\/files\/2022\/01\/OnkoBank_Start-2048x1538.jpg 2048w, https:\/\/semmelweis.hu\/bioinformatika\/files\/2022\/01\/OnkoBank_Start-753x566.jpg 753w\" sizes=\"auto, (max-width: 400px) 100vw, 400px\" \/><figcaption id=\"caption-attachment-7764\" class=\"wp-caption-text\">T\u00e1rol\u00e1s<\/figcaption><\/figure><\/p>\n","protected":false},"excerpt":{"rendered":"<p>A <a href=\"https:\/\/www.onkobank.com\/\" target=\"_blank\" rel=\"noopener\">Semmelweis Onkol\u00f3giai Sz\u00f6vetbank<\/a> 2022.01.17-\u00e9n megkezdte mintagy\u0171jt\u00e9s\u00e9t, els\u0151k\u00e9nt a Sz\u00fcl\u00e9szeti \u00e9s N\u0151gy\u00f3gy\u00e1szati Klinika \u00e9s az I. Sz. Patol\u00f3giai \u00e9s K\u00eds\u00e9rleti R\u00e1kkutat\u00f3 Int\u00e9zet k\u00f6zrem\u0171k\u00f6d\u00e9s\u00e9vel. Az enged\u00e9lyek megszerz\u00e9se, a laborat\u00f3rium felszerel\u00e9se \u00e9s a felt\u00e9telek megteremt\u00e9se ut\u00e1n a t\u00e9nyleges mintagy\u0171jt\u00e9s megszervez\u00e9se k\u00f6vetkezett. A daganatos betegekt\u0151l sz\u00e1rmaz\u00f3 sz\u00f6vet- \u00e9s v\u00e9rmint\u00e1kat fagyaszt\u00e1s ut\u00e1n az Onkobank laborat\u00f3rium\u00e1ban t\u00e1roljuk, melyeket k\u00e9s\u0151bb diagnosztikus, predikt\u00edv \u00e9s prognosztikus &hellip;<\/p>\n","protected":false},"author":102019,"featured_media":7764,"comment_status":"closed","ping_status":"closed","sticky":false,"template":"","format":"standard","meta":{"_acf_changed":false,"footnotes":""},"categories":[2],"tags":[],"class_list":["post-7763","post","type-post","status-publish","format-standard","has-post-thumbnail","hentry","category-hirek"],"acf":[],"_links":{"self":[{"href":"https:\/\/semmelweis.hu\/bioinformatika\/wp-json\/wp\/v2\/posts\/7763","targetHints":{"allow":["GET"]}}],"collection":[{"href":"https:\/\/semmelweis.hu\/bioinformatika\/wp-json\/wp\/v2\/posts"}],"about":[{"href":"https:\/\/semmelweis.hu\/bioinformatika\/wp-json\/wp\/v2\/types\/post"}],"author":[{"embeddable":true,"href":"https:\/\/semmelweis.hu\/bioinformatika\/wp-json\/wp\/v2\/users\/102019"}],"replies":[{"embeddable":true,"href":"https:\/\/semmelweis.hu\/bioinformatika\/wp-json\/wp\/v2\/comments?post=7763"}],"version-history":[{"count":10,"href":"https:\/\/semmelweis.hu\/bioinformatika\/wp-json\/wp\/v2\/posts\/7763\/revisions"}],"predecessor-version":[{"id":8137,"href":"https:\/\/semmelweis.hu\/bioinformatika\/wp-json\/wp\/v2\/posts\/7763\/revisions\/8137"}],"wp:featuredmedia":[{"embeddable":true,"href":"https:\/\/semmelweis.hu\/bioinformatika\/wp-json\/wp\/v2\/media\/7764"}],"wp:attachment":[{"href":"https:\/\/semmelweis.hu\/bioinformatika\/wp-json\/wp\/v2\/media?parent=7763"}],"wp:term":[{"taxonomy":"category","embeddable":true,"href":"https:\/\/semmelweis.hu\/bioinformatika\/wp-json\/wp\/v2\/categories?post=7763"},{"taxonomy":"post_tag","embeddable":true,"href":"https:\/\/semmelweis.hu\/bioinformatika\/wp-json\/wp\/v2\/tags?post=7763"}],"curies":[{"name":"wp","href":"https:\/\/api.w.org\/{rel}","templated":true}]}}