{"id":7430,"date":"2021-02-26T14:31:59","date_gmt":"2021-02-26T13:31:59","guid":{"rendered":"https:\/\/semmelweis.hu\/bioinformatika\/?p=7430"},"modified":"2021-04-18T14:38:58","modified_gmt":"2021-04-18T12:38:58","slug":"dr-bartha-aron-kapta-a-dosz-egeszsegtudomanyi-es-innovacios-konferencia-transzlacios-medicina-szekcioban-a-leginnovativabb-eloadas-dijat","status":"publish","type":"post","link":"https:\/\/semmelweis.hu\/bioinformatika\/dr-bartha-aron-kapta-a-dosz-egeszsegtudomanyi-es-innovacios-konferencia-transzlacios-medicina-szekcioban-a-leginnovativabb-eloadas-dijat\/","title":{"rendered":"Gratul\u00e1lunk a leginnovat\u00edvabb\u00a0el\u0151ad\u00e1s d\u00edj\u00e1hoz Dr. Bartha \u00c1ronnak."},"content":{"rendered":"<p>&nbsp;<\/p>\n<p>A Doktoranduszok Orsz\u00e1gos Sz\u00f6vets\u00e9g\u00e9nek (DOSZ) Orvos- \u00e9s Eg\u00e9szs\u00e9gtudom\u00e1nyi Oszt\u00e1lya \u00e9s a Semmelweis Egyetem Doktorandusz \u00d6nkorm\u00e1nyzata meghirdette els\u0151 saj\u00e1t rendez\u00e9s\u0171 konferenci\u00e1j\u00e1t, a DOSZ-Eg\u00e9szs\u00e9gtudom\u00e1nyi \u00e9s Innov\u00e1ci\u00f3s Konferenci\u00e1t.<\/p>\n<p>A 2021. janu\u00e1r 29.-ei esem\u00e9ny f\u0151 c\u00e9lja, hogy a vil\u00e1got s\u00fajt\u00f3 j\u00e1rv\u00e1nyhelyzet ellen\u00e9re min\u00e9l t\u00f6bb doktorandusznak adjanak lehet\u0151s\u00e9get kutat\u00e1si eredm\u00e9nyeik ismertet\u00e9s\u00e9re \u00e9s saj\u00e1t ismereteik b\u0151v\u00edt\u00e9s\u00e9re.<\/p>\n<p>A konferencia f\u0151v\u00e9dn\u00f6ke Prof. Dr. Ferdinandy P\u00e9ter volt.<\/p>\n<p>\u00a0DOSZ- Eg\u00e9szs\u00e9gtudom\u00e1nyi \u00e9s Innov\u00e1ci\u00f3s Konferencia Transzl\u00e1ci\u00f3s medicina szekci\u00f3ban a leginnovat\u00edvabb\u00a0el\u0151ad\u00e1s d\u00edj\u00e1t munkat\u00e1rsunk, Dr. Bartha \u00c1ron kapta.\u00a0<\/p>\n<p>Gratul\u00e1lunk!<img loading=\"lazy\" decoding=\"async\" class=\"wp-image-7431 alignright\" src=\"https:\/\/semmelweis.hu\/bioinformatika\/files\/2021\/04\/dosz_logo2018.jpg\" alt=\"\" width=\"235\" height=\"229\" srcset=\"https:\/\/semmelweis.hu\/bioinformatika\/files\/2021\/04\/dosz_logo2018.jpg 417w, https:\/\/semmelweis.hu\/bioinformatika\/files\/2021\/04\/dosz_logo2018-400x390.jpg 400w\" sizes=\"auto, (max-width: 235px) 100vw, 235px\" \/><\/p>\n","protected":false},"excerpt":{"rendered":"<p>&nbsp; A Doktoranduszok Orsz\u00e1gos Sz\u00f6vets\u00e9g\u00e9nek (DOSZ) Orvos- \u00e9s Eg\u00e9szs\u00e9gtudom\u00e1nyi Oszt\u00e1lya \u00e9s a Semmelweis Egyetem Doktorandusz \u00d6nkorm\u00e1nyzata meghirdette els\u0151 saj\u00e1t rendez\u00e9s\u0171 konferenci\u00e1j\u00e1t, a DOSZ-Eg\u00e9szs\u00e9gtudom\u00e1nyi \u00e9s Innov\u00e1ci\u00f3s Konferenci\u00e1t. A 2021. janu\u00e1r 29.-ei esem\u00e9ny f\u0151 c\u00e9lja, hogy a vil\u00e1got s\u00fajt\u00f3 j\u00e1rv\u00e1nyhelyzet ellen\u00e9re min\u00e9l t\u00f6bb doktorandusznak adjanak lehet\u0151s\u00e9get kutat\u00e1si eredm\u00e9nyeik ismertet\u00e9s\u00e9re \u00e9s saj\u00e1t ismereteik b\u0151v\u00edt\u00e9s\u00e9re. A konferencia f\u0151v\u00e9dn\u00f6ke Prof. &hellip;<\/p>\n","protected":false},"author":101779,"featured_media":7308,"comment_status":"closed","ping_status":"closed","sticky":false,"template":"","format":"standard","meta":{"_acf_changed":false,"footnotes":""},"categories":[2],"tags":[],"class_list":["post-7430","post","type-post","status-publish","format-standard","has-post-thumbnail","hentry","category-hirek"],"acf":[],"_links":{"self":[{"href":"https:\/\/semmelweis.hu\/bioinformatika\/wp-json\/wp\/v2\/posts\/7430","targetHints":{"allow":["GET"]}}],"collection":[{"href":"https:\/\/semmelweis.hu\/bioinformatika\/wp-json\/wp\/v2\/posts"}],"about":[{"href":"https:\/\/semmelweis.hu\/bioinformatika\/wp-json\/wp\/v2\/types\/post"}],"author":[{"embeddable":true,"href":"https:\/\/semmelweis.hu\/bioinformatika\/wp-json\/wp\/v2\/users\/101779"}],"replies":[{"embeddable":true,"href":"https:\/\/semmelweis.hu\/bioinformatika\/wp-json\/wp\/v2\/comments?post=7430"}],"version-history":[{"count":4,"href":"https:\/\/semmelweis.hu\/bioinformatika\/wp-json\/wp\/v2\/posts\/7430\/revisions"}],"predecessor-version":[{"id":7435,"href":"https:\/\/semmelweis.hu\/bioinformatika\/wp-json\/wp\/v2\/posts\/7430\/revisions\/7435"}],"wp:featuredmedia":[{"embeddable":true,"href":"https:\/\/semmelweis.hu\/bioinformatika\/wp-json\/wp\/v2\/media\/7308"}],"wp:attachment":[{"href":"https:\/\/semmelweis.hu\/bioinformatika\/wp-json\/wp\/v2\/media?parent=7430"}],"wp:term":[{"taxonomy":"category","embeddable":true,"href":"https:\/\/semmelweis.hu\/bioinformatika\/wp-json\/wp\/v2\/categories?post=7430"},{"taxonomy":"post_tag","embeddable":true,"href":"https:\/\/semmelweis.hu\/bioinformatika\/wp-json\/wp\/v2\/tags?post=7430"}],"curies":[{"name":"wp","href":"https:\/\/api.w.org\/{rel}","templated":true}]}}