{"id":6589,"date":"2020-09-18T08:10:36","date_gmt":"2020-09-18T06:10:36","guid":{"rendered":"http:\/\/semmelweis.hu\/bioinformatika\/?p=6589"},"modified":"2020-09-18T08:45:30","modified_gmt":"2020-09-18T06:45:30","slug":"adatok-abrazolasa-a-bioinformatikaban-es-a-rendszerbiologiaban-2020-aprilis-6-9-esztergom","status":"publish","type":"post","link":"https:\/\/semmelweis.hu\/bioinformatika\/adatok-abrazolasa-a-bioinformatikaban-es-a-rendszerbiologiaban-2020-aprilis-6-9-esztergom\/","title":{"rendered":"ID\u0150PONTV\u00c1LTOZ\u00c1S  &#8211; Adatok \u00e1br\u00e1zol\u00e1sa a bioinformatik\u00e1ban \u00e9s a rendszerbiol\u00f3gi\u00e1ban kurzus"},"content":{"rendered":"<p><span style=\"color: #ff0000\"><strong>Az adatok \u00e1br\u00e1zol\u00e1sa a bioinformatik\u00e1ban \u00e9s a rendszerbiol\u00f3gi\u00e1ban c\u00edm\u0171 kurzus v\u00e1rhat\u00f3an a 2020\/21-es tan\u00e9v m\u00e1sodik (tavaszi) f\u00e9l\u00e9v\u00e9ben lesz megtartva.<\/strong><\/span><\/p>\n<p><span style=\"color: #ff0000\">Tov\u00e1bbi fontos inform\u00e1ci\u00f3 a kurzussal kapcsolatban, hogy a hallgat\u00f3knak\u00a0<strong>a k\u00f6vetkez\u0151 f\u00e9l\u00e9vben ism\u00e9telten fel kell venni a t\u00e1rgyat a neptunon kereszt\u00fcl<\/strong>, valamint a<strong>\u00a0kredit \u00e9rt\u00e9ke 2 kreditpontra m\u00f3dosul<\/strong>!<\/span><\/p>\n<p>A tant\u00e1rgy keretein bel\u00fcl szekvenci\u00e1k, genomok, klinikai m\u00e9r\u00e9si \u00e9s ut\u00e1nk\u00f6vet\u00e9si adatok, metagenomok, g\u00e9nexpresszi\u00f3, feh\u00e9rj\u00e9k 3D-s szerkezete, DNS, biol\u00f3giai h\u00e1l\u00f3zatok, popul\u00e1ci\u00f3s vizsg\u00e1latok \u00e9s agyi h\u00e1l\u00f3zatok ter\u00fclet\u00e9re f\u00f3kusz\u00e1lunk. Az oktat\u00e1s c\u00e9lja, hogy egy olyan tud\u00e1st adjon a hallgat\u00f3k kez\u00e9be, amellyel egyr\u00e9szt a rendelkez\u00e9sre \u00e1ll\u00f3 eszk\u00f6z\u00f6k k\u00f6z\u00fcl tudnak v\u00e1lasztani, m\u00e1sr\u00e9szt viszont ismerik ezen eszk\u00f6z\u00f6k el\u0151nyeit \u00e9s h\u00e1tr\u00e1nyait is.<\/p>\n<p><strong>A kurzus regisztr\u00e1ci\u00f3 ingyenes, a sz\u00e1ll\u00e1s \u00e9s az \u00e9tkez\u00e9s biztos\u00edtott. Az utaz\u00e1st mindenkinek saj\u00e1t k\u00f6lts\u00e9g\u00e9n kell fizetnie.<\/strong><\/p>\n<p>A kurzussal kapcsolatos b\u0151vebb inform\u00e1ci\u00f3:\u00a0<a href=\"https:\/\/semmelweis.hu\/bioinformatika\/kurzusadatok-es-kovetelmenyek\/\">https:\/\/semmelweis.hu\/bioinformatika\/kurzusadatok-es-kovetelmenyek\/<\/a><\/p>\n","protected":false},"excerpt":{"rendered":"<p>Az adatok \u00e1br\u00e1zol\u00e1sa a bioinformatik\u00e1ban \u00e9s a rendszerbiol\u00f3gi\u00e1ban c\u00edm\u0171 kurzus v\u00e1rhat\u00f3an a 2020\/21-es tan\u00e9v m\u00e1sodik (tavaszi) f\u00e9l\u00e9v\u00e9ben lesz megtartva. Tov\u00e1bbi fontos inform\u00e1ci\u00f3 a kurzussal kapcsolatban, hogy a hallgat\u00f3knak\u00a0a k\u00f6vetkez\u0151 f\u00e9l\u00e9vben ism\u00e9telten fel kell venni a t\u00e1rgyat a neptunon kereszt\u00fcl, valamint a\u00a0kredit \u00e9rt\u00e9ke 2 kreditpontra m\u00f3dosul! A tant\u00e1rgy keretein bel\u00fcl szekvenci\u00e1k, genomok, klinikai m\u00e9r\u00e9si \u00e9s ut\u00e1nk\u00f6vet\u00e9si &hellip;<\/p>\n","protected":false},"author":101687,"featured_media":0,"comment_status":"closed","ping_status":"closed","sticky":false,"template":"","format":"standard","meta":{"_acf_changed":false,"footnotes":""},"categories":[2],"tags":[],"class_list":["post-6589","post","type-post","status-publish","format-standard","hentry","category-hirek"],"acf":[],"_links":{"self":[{"href":"https:\/\/semmelweis.hu\/bioinformatika\/wp-json\/wp\/v2\/posts\/6589","targetHints":{"allow":["GET"]}}],"collection":[{"href":"https:\/\/semmelweis.hu\/bioinformatika\/wp-json\/wp\/v2\/posts"}],"about":[{"href":"https:\/\/semmelweis.hu\/bioinformatika\/wp-json\/wp\/v2\/types\/post"}],"author":[{"embeddable":true,"href":"https:\/\/semmelweis.hu\/bioinformatika\/wp-json\/wp\/v2\/users\/101687"}],"replies":[{"embeddable":true,"href":"https:\/\/semmelweis.hu\/bioinformatika\/wp-json\/wp\/v2\/comments?post=6589"}],"version-history":[{"count":10,"href":"https:\/\/semmelweis.hu\/bioinformatika\/wp-json\/wp\/v2\/posts\/6589\/revisions"}],"predecessor-version":[{"id":7127,"href":"https:\/\/semmelweis.hu\/bioinformatika\/wp-json\/wp\/v2\/posts\/6589\/revisions\/7127"}],"wp:attachment":[{"href":"https:\/\/semmelweis.hu\/bioinformatika\/wp-json\/wp\/v2\/media?parent=6589"}],"wp:term":[{"taxonomy":"category","embeddable":true,"href":"https:\/\/semmelweis.hu\/bioinformatika\/wp-json\/wp\/v2\/categories?post=6589"},{"taxonomy":"post_tag","embeddable":true,"href":"https:\/\/semmelweis.hu\/bioinformatika\/wp-json\/wp\/v2\/tags?post=6589"}],"curies":[{"name":"wp","href":"https:\/\/api.w.org\/{rel}","templated":true}]}}