{"id":11474,"date":"2026-04-22T12:24:52","date_gmt":"2026-04-22T10:24:52","guid":{"rendered":"https:\/\/semmelweis.hu\/bioinformatika\/?p=11474"},"modified":"2026-04-24T14:58:50","modified_gmt":"2026-04-24T12:58:50","slug":"uj-lendulet-az-onkobank-mintafeldolgozasaban","status":"publish","type":"post","link":"https:\/\/semmelweis.hu\/bioinformatika\/uj-lendulet-az-onkobank-mintafeldolgozasaban\/","title":{"rendered":"\u00daj lend\u00fclet az Onkobank mintafeldolgoz\u00e1s\u00e1ban"},"content":{"rendered":"<p style=\"margin-top: 0cm;background: white;text-align: justify\"><span style=\"font-family: 'PT Serif',serif;color: #1e2326\">Tansz\u00e9k\u00fcnk koordin\u00e1l\u00e1s\u00e1val \u00fajabb\u00a0<b>181, kiv\u00e1l\u00f3 min\u0151s\u00e9g\u0171 minta ker\u00fcl szekven\u00e1l\u00e1sra<\/b>\u00a0az\u00a0<b>Onkobank<\/b>\u00a0gy\u0171jtem\u00e9ny\u00e9b\u0151l, amelyek k\u00f6z\u00f6tt t\u00f6bb Klinik\u00e1r\u00f3l \u00e9rkezett daganatos \u00e9s norm\u00e1l sz\u00f6vetek szerepelnek. A mint\u00e1k a sz\u00fcl\u00e9szet, urol\u00f3gia, b\u0151rgy\u00f3gy\u00e1szat, seb\u00e9szet, valamint idegseb\u00e9szet ter\u00fclet\u00e9n dolgoz\u00f3 orvosokkal val\u00f3 egy\u00fcttm\u0171k\u00f6d\u00e9s eredm\u00e9nyek\u00e9nt gy\u0171ltek \u00f6ssze.<\/span><\/p>\n<p style=\"margin-top: 0cm;background: white;margin-bottom: 1rem;text-align: justify\"><span style=\"font-family: 'PT Serif',serif;color: #1e2326\">Ez az egyed\u00fcl\u00e1ll\u00f3an soksz\u00edn\u0171 mintak\u00e9szlet jelent\u0151s l\u00e9p\u00e9st jelent tansz\u00e9k\u00fcnk sz\u00e1m\u00e1ra a nagyl\u00e9pt\u00e9k\u0171, multidiszciplin\u00e1ris bioinformatikai elemz\u00e9sek ir\u00e1ny\u00e1ba. Az \u00edgy nyert adatok nemcsak az alapkutat\u00e1st er\u0151s\u00edtik, hanem hozz\u00e1j\u00e1rulnak a klinikai d\u00f6nt\u00e9shozatal t\u00e1mogat\u00e1s\u00e1hoz is, el\u0151seg\u00edtve a szem\u00e9lyre szabott orvosl\u00e1s hazai fejl\u0151d\u00e9s\u00e9t.<\/span><\/p>\n","protected":false},"excerpt":{"rendered":"<p>Tansz\u00e9k\u00fcnk koordin\u00e1l\u00e1s\u00e1val \u00fajabb\u00a0181, kiv\u00e1l\u00f3 min\u0151s\u00e9g\u0171 minta ker\u00fcl szekven\u00e1l\u00e1sra\u00a0az\u00a0Onkobank\u00a0gy\u0171jtem\u00e9ny\u00e9b\u0151l, amelyek k\u00f6z\u00f6tt t\u00f6bb Klinik\u00e1r\u00f3l \u00e9rkezett daganatos \u00e9s norm\u00e1l sz\u00f6vetek szerepelnek. A mint\u00e1k a sz\u00fcl\u00e9szet, urol\u00f3gia, b\u0151rgy\u00f3gy\u00e1szat, seb\u00e9szet, valamint idegseb\u00e9szet ter\u00fclet\u00e9n dolgoz\u00f3 orvosokkal val\u00f3 egy\u00fcttm\u0171k\u00f6d\u00e9s eredm\u00e9nyek\u00e9nt gy\u0171ltek \u00f6ssze. Ez az egyed\u00fcl\u00e1ll\u00f3an soksz\u00edn\u0171 mintak\u00e9szlet jelent\u0151s l\u00e9p\u00e9st jelent tansz\u00e9k\u00fcnk sz\u00e1m\u00e1ra a nagyl\u00e9pt\u00e9k\u0171, multidiszciplin\u00e1ris bioinformatikai elemz\u00e9sek ir\u00e1ny\u00e1ba. Az \u00edgy nyert adatok &hellip;<\/p>\n","protected":false},"author":102457,"featured_media":11475,"comment_status":"closed","ping_status":"closed","sticky":false,"template":"","format":"standard","meta":{"_acf_changed":false,"footnotes":""},"categories":[2],"tags":[],"class_list":["post-11474","post","type-post","status-publish","format-standard","has-post-thumbnail","hentry","category-hirek"],"acf":[],"_links":{"self":[{"href":"https:\/\/semmelweis.hu\/bioinformatika\/wp-json\/wp\/v2\/posts\/11474","targetHints":{"allow":["GET"]}}],"collection":[{"href":"https:\/\/semmelweis.hu\/bioinformatika\/wp-json\/wp\/v2\/posts"}],"about":[{"href":"https:\/\/semmelweis.hu\/bioinformatika\/wp-json\/wp\/v2\/types\/post"}],"author":[{"embeddable":true,"href":"https:\/\/semmelweis.hu\/bioinformatika\/wp-json\/wp\/v2\/users\/102457"}],"replies":[{"embeddable":true,"href":"https:\/\/semmelweis.hu\/bioinformatika\/wp-json\/wp\/v2\/comments?post=11474"}],"version-history":[{"count":5,"href":"https:\/\/semmelweis.hu\/bioinformatika\/wp-json\/wp\/v2\/posts\/11474\/revisions"}],"predecessor-version":[{"id":11480,"href":"https:\/\/semmelweis.hu\/bioinformatika\/wp-json\/wp\/v2\/posts\/11474\/revisions\/11480"}],"wp:featuredmedia":[{"embeddable":true,"href":"https:\/\/semmelweis.hu\/bioinformatika\/wp-json\/wp\/v2\/media\/11475"}],"wp:attachment":[{"href":"https:\/\/semmelweis.hu\/bioinformatika\/wp-json\/wp\/v2\/media?parent=11474"}],"wp:term":[{"taxonomy":"category","embeddable":true,"href":"https:\/\/semmelweis.hu\/bioinformatika\/wp-json\/wp\/v2\/categories?post=11474"},{"taxonomy":"post_tag","embeddable":true,"href":"https:\/\/semmelweis.hu\/bioinformatika\/wp-json\/wp\/v2\/tags?post=11474"}],"curies":[{"name":"wp","href":"https:\/\/api.w.org\/{rel}","templated":true}]}}