{"id":11463,"date":"2026-03-30T10:12:40","date_gmt":"2026-03-30T08:12:40","guid":{"rendered":"https:\/\/semmelweis.hu\/bioinformatika\/?p=11463"},"modified":"2026-03-30T10:14:21","modified_gmt":"2026-03-30T08:14:21","slug":"kerekasztal-kutatoi-megbeszelest-tartottunk-marcius-23-an","status":"publish","type":"post","link":"https:\/\/semmelweis.hu\/bioinformatika\/kerekasztal-kutatoi-megbeszelest-tartottunk-marcius-23-an\/","title":{"rendered":"Kerekasztal kutat\u00f3i megbesz\u00e9l\u00e9st tartottunk m\u00e1rcius 23-\u00e1n"},"content":{"rendered":"<ol start=\"2026\" data-start=\"128\" data-end=\"370\">\n<li data-section-id=\"dniwgt\" data-start=\"128\" data-end=\"370\">m\u00e1rcius 23-\u00e1n ism\u00e9t megrendez\u00e9sre ker\u00fclt tansz\u00e9k\u00fcnk kerekasztal kutat\u00f3i megbesz\u00e9l\u00e9se. Az esem\u00e9nyen a r\u00e9sztvev\u0151k aktu\u00e1lis, a bioinformatika ter\u00fclet\u00e9hez szorosan kapcsol\u00f3d\u00f3 tudom\u00e1nyos cikkeket mutattak be, amelyeket k\u00f6z\u00f6sen vitattunk meg.<\/li>\n<\/ol>\n<p data-start=\"372\" data-end=\"661\">A megbesz\u00e9l\u00e9s sor\u00e1n sz\u00e1mos \u00e9rdekes \u00e9s relev\u00e1ns kutat\u00e1si eredm\u00e9ny ker\u00fclt ter\u00edt\u00e9kre, lehet\u0151s\u00e9get teremtve a k\u00fcl\u00f6nb\u00f6z\u0151 szakter\u00fcletek k\u00f6z\u00f6tti eszmecser\u00e9re \u00e9s a kritikai gondolkod\u00e1s fejleszt\u00e9s\u00e9re. A prezent\u00e1ci\u00f3kat \u00e9l\u00e9nk szakmai diskurzus k\u00f6vette, amely hozz\u00e1j\u00e1rult a t\u00e9m\u00e1k m\u00e9lyebb meg\u00e9rt\u00e9s\u00e9hez.<\/p>\n<p data-start=\"663\" data-end=\"995\">A program az egy\u00e9b tansz\u00e9ki feladatok mellett is fontos szerepet t\u00f6lt be a kutat\u00f3i k\u00f6z\u00f6ss\u00e9g \u00e9let\u00e9ben, hiszen rendszeres alkalmat biztos\u00edt a tud\u00e1smegoszt\u00e1sra \u00e9s az egy\u00fcttm\u0171k\u00f6d\u00e9sek er\u0151s\u00edt\u00e9s\u00e9re. A kerekasztal megbesz\u00e9l\u00e9sek hagyom\u00e1nya tov\u00e1bbra is kiemelt jelent\u0151s\u00e9g\u0171 tansz\u00e9k\u00fcnk szakmai m\u0171k\u00f6d\u00e9s\u00e9ben.<\/p>\n<p data-start=\"663\" data-end=\"995\"><img loading=\"lazy\" decoding=\"async\" class=\"size-medium wp-image-11464 aligncenter\" src=\"https:\/\/semmelweis.hu\/bioinformatika\/files\/2026\/03\/20260323_155726-e1774858448132-400x146.jpg\" alt=\"\" width=\"400\" height=\"146\" srcset=\"https:\/\/semmelweis.hu\/bioinformatika\/files\/2026\/03\/20260323_155726-e1774858448132-400x146.jpg 400w, https:\/\/semmelweis.hu\/bioinformatika\/files\/2026\/03\/20260323_155726-e1774858448132-1024x374.jpg 1024w, https:\/\/semmelweis.hu\/bioinformatika\/files\/2026\/03\/20260323_155726-e1774858448132-768x280.jpg 768w, https:\/\/semmelweis.hu\/bioinformatika\/files\/2026\/03\/20260323_155726-e1774858448132-753x275.jpg 753w, https:\/\/semmelweis.hu\/bioinformatika\/files\/2026\/03\/20260323_155726-e1774858448132.jpg 1280w\" sizes=\"auto, (max-width: 400px) 100vw, 400px\" \/><\/p>\n","protected":false},"excerpt":{"rendered":"<p>m\u00e1rcius 23-\u00e1n ism\u00e9t megrendez\u00e9sre ker\u00fclt tansz\u00e9k\u00fcnk kerekasztal kutat\u00f3i megbesz\u00e9l\u00e9se. Az esem\u00e9nyen a r\u00e9sztvev\u0151k aktu\u00e1lis, a bioinformatika ter\u00fclet\u00e9hez szorosan kapcsol\u00f3d\u00f3 tudom\u00e1nyos cikkeket mutattak be, amelyeket k\u00f6z\u00f6sen vitattunk meg. A megbesz\u00e9l\u00e9s sor\u00e1n sz\u00e1mos \u00e9rdekes \u00e9s relev\u00e1ns kutat\u00e1si eredm\u00e9ny ker\u00fclt ter\u00edt\u00e9kre, lehet\u0151s\u00e9get teremtve a k\u00fcl\u00f6nb\u00f6z\u0151 szakter\u00fcletek k\u00f6z\u00f6tti eszmecser\u00e9re \u00e9s a kritikai gondolkod\u00e1s fejleszt\u00e9s\u00e9re. A prezent\u00e1ci\u00f3kat \u00e9l\u00e9nk szakmai diskurzus &hellip;<\/p>\n","protected":false},"author":102457,"featured_media":11464,"comment_status":"closed","ping_status":"closed","sticky":false,"template":"","format":"standard","meta":{"_acf_changed":false,"footnotes":""},"categories":[2],"tags":[],"class_list":["post-11463","post","type-post","status-publish","format-standard","has-post-thumbnail","hentry","category-hirek"],"acf":[],"_links":{"self":[{"href":"https:\/\/semmelweis.hu\/bioinformatika\/wp-json\/wp\/v2\/posts\/11463","targetHints":{"allow":["GET"]}}],"collection":[{"href":"https:\/\/semmelweis.hu\/bioinformatika\/wp-json\/wp\/v2\/posts"}],"about":[{"href":"https:\/\/semmelweis.hu\/bioinformatika\/wp-json\/wp\/v2\/types\/post"}],"author":[{"embeddable":true,"href":"https:\/\/semmelweis.hu\/bioinformatika\/wp-json\/wp\/v2\/users\/102457"}],"replies":[{"embeddable":true,"href":"https:\/\/semmelweis.hu\/bioinformatika\/wp-json\/wp\/v2\/comments?post=11463"}],"version-history":[{"count":3,"href":"https:\/\/semmelweis.hu\/bioinformatika\/wp-json\/wp\/v2\/posts\/11463\/revisions"}],"predecessor-version":[{"id":11467,"href":"https:\/\/semmelweis.hu\/bioinformatika\/wp-json\/wp\/v2\/posts\/11463\/revisions\/11467"}],"wp:featuredmedia":[{"embeddable":true,"href":"https:\/\/semmelweis.hu\/bioinformatika\/wp-json\/wp\/v2\/media\/11464"}],"wp:attachment":[{"href":"https:\/\/semmelweis.hu\/bioinformatika\/wp-json\/wp\/v2\/media?parent=11463"}],"wp:term":[{"taxonomy":"category","embeddable":true,"href":"https:\/\/semmelweis.hu\/bioinformatika\/wp-json\/wp\/v2\/categories?post=11463"},{"taxonomy":"post_tag","embeddable":true,"href":"https:\/\/semmelweis.hu\/bioinformatika\/wp-json\/wp\/v2\/tags?post=11463"}],"curies":[{"name":"wp","href":"https:\/\/api.w.org\/{rel}","templated":true}]}}