{"id":11454,"date":"2026-03-23T10:12:00","date_gmt":"2026-03-23T09:12:00","guid":{"rendered":"https:\/\/semmelweis.hu\/bioinformatika\/?p=11454"},"modified":"2026-03-27T09:02:56","modified_gmt":"2026-03-27T08:02:56","slug":"dr-bartha-aron-uj-cikke-uj-bioinformatikai-megkozelitest-mutat-be-a-betegsegek-genetikai-hatterenek-feltarasara","status":"publish","type":"post","link":"https:\/\/semmelweis.hu\/bioinformatika\/dr-bartha-aron-uj-cikke-uj-bioinformatikai-megkozelitest-mutat-be-a-betegsegek-genetikai-hatterenek-feltarasara\/","title":{"rendered":"Dr. Bartha \u00c1ron \u00faj cikke \u00faj bioinformatikai megk\u00f6zel\u00edt\u00e9st mutat be a betegs\u00e9gek genetikai h\u00e1tter\u00e9nek felt\u00e1r\u00e1s\u00e1ra"},"content":{"rendered":"<p data-start=\"110\" data-end=\"431\"><strong>Dr. Bartha \u00c1ron<\/strong> vezet\u0151 szerz\u0151s\u00e9g\u00e9vel, <strong>Prof. Dr. Gy\u0151rffy Bal\u00e1zs<\/strong> ir\u00e1ny\u00edt\u00e1s\u00e1val a <em>British Journal of Pharmacology<\/em>\u00a0rangos nemzetk\u00f6zi tudom\u00e1nyos foly\u00f3iratban megjelent tanulm\u00e1ny egy nemzetk\u00f6zi kutat\u00e1s eredm\u00e9nyeit mutatja be, amelyben a bioinformatikai elemz\u00e9sek kulcsszerepet j\u00e1tszottak a komplex biol\u00f3giai \u00f6sszef\u00fcgg\u00e9sek felt\u00e1r\u00e1s\u00e1ban.<\/p>\n<p data-start=\"433\" data-end=\"1020\">A vizsg\u00e1lat sor\u00e1n nagym\u00e9ret\u0171 biol\u00f3giai adat\u00e1llom\u00e1nyokat elemeztek, amelyek lehet\u0151v\u00e9 tett\u00e9k genetikai vari\u00e1nsok \u00e9s betegs\u00e9gek k\u00f6z\u00f6tti kapcsolatok azonos\u00edt\u00e1s\u00e1t. A kutat\u00e1s k\u00fcl\u00f6n\u00f6sen arra f\u00f3kusz\u00e1lt, hogy a k\u00fcl\u00f6nb\u00f6z\u0151 popul\u00e1ci\u00f3kb\u00f3l sz\u00e1rmaz\u00f3 adatok integr\u00e1lt feldolgoz\u00e1s\u00e1val pontosabb k\u00e9pet kapjunk a genetikai hajlamos\u00edt\u00f3 t\u00e9nyez\u0151kr\u0151l. Az ilyen t\u00edpus\u00fa elemz\u00e9sek csak fejlett bioinformatikai m\u00f3dszerekkel val\u00f3s\u00edthat\u00f3k meg, hiszen a heterog\u00e9n adatforr\u00e1sok \u00f6sszehangol\u00e1sa, a statisztikai modellez\u00e9s \u00e9s az eredm\u00e9nyek valid\u00e1l\u00e1sa egyar\u00e1nt nagy sz\u00e1m\u00edt\u00e1si kapacit\u00e1st \u00e9s m\u00f3dszertani precizit\u00e1st ig\u00e9nyel.<\/p>\n<p data-start=\"1022\" data-end=\"1448\" data-is-last-node=\"\" data-is-only-node=\"\">Tansz\u00e9k\u00fcnk sz\u00e1m\u00e1ra k\u00fcl\u00f6n\u00f6sen fontos, hogy ezek a kutat\u00e1sok r\u00e1mutatnak a bioinformatika meghat\u00e1roz\u00f3 szerep\u00e9re a modern orvosbiol\u00f3giai kutat\u00e1sban. Az adatalap\u00fa megk\u00f6zel\u00edt\u00e9sek nemcsak \u00faj biol\u00f3giai mechanizmusok felt\u00e1r\u00e1s\u00e1t teszik lehet\u0151v\u00e9, hanem hozz\u00e1j\u00e1rulnak a szem\u00e9lyre szabott orvosl\u00e1s fejl\u0151d\u00e9s\u00e9hez is, hiszen seg\u00edtenek azonos\u00edtani azokat a genetikai mint\u00e1zatokat, amelyek a betegs\u00e9gek kock\u00e1zat\u00e1t vagy lefoly\u00e1s\u00e1t befoly\u00e1solj\u00e1k.<\/p>\n<p data-start=\"1022\" data-end=\"1448\" data-is-last-node=\"\" data-is-only-node=\"\">Cikket <a href=\"https:\/\/bpspubs.onlinelibrary.wiley.com\/doi\/10.1111\/bph.70390\">innen<\/a> lehet let\u00f6lteni.\u00a0<\/p>\n<p data-start=\"1022\" data-end=\"1448\" data-is-last-node=\"\" data-is-only-node=\"\"><img loading=\"lazy\" decoding=\"async\" class=\"size-full wp-image-11428 aligncenter\" src=\"https:\/\/semmelweis.hu\/bioinformatika\/files\/2026\/02\/bjp-logo.jpg\" alt=\"\" width=\"397\" height=\"298\" \/><\/p>\n","protected":false},"excerpt":{"rendered":"<p>Dr. Bartha \u00c1ron vezet\u0151 szerz\u0151s\u00e9g\u00e9vel, Prof. Dr. Gy\u0151rffy Bal\u00e1zs ir\u00e1ny\u00edt\u00e1s\u00e1val a British Journal of Pharmacology\u00a0rangos nemzetk\u00f6zi tudom\u00e1nyos foly\u00f3iratban megjelent tanulm\u00e1ny egy nemzetk\u00f6zi kutat\u00e1s eredm\u00e9nyeit mutatja be, amelyben a bioinformatikai elemz\u00e9sek kulcsszerepet j\u00e1tszottak a komplex biol\u00f3giai \u00f6sszef\u00fcgg\u00e9sek felt\u00e1r\u00e1s\u00e1ban. A vizsg\u00e1lat sor\u00e1n nagym\u00e9ret\u0171 biol\u00f3giai adat\u00e1llom\u00e1nyokat elemeztek, amelyek lehet\u0151v\u00e9 tett\u00e9k genetikai vari\u00e1nsok \u00e9s betegs\u00e9gek k\u00f6z\u00f6tti kapcsolatok azonos\u00edt\u00e1s\u00e1t. A &hellip;<\/p>\n","protected":false},"author":102457,"featured_media":11455,"comment_status":"closed","ping_status":"closed","sticky":false,"template":"","format":"standard","meta":{"_acf_changed":false,"footnotes":""},"categories":[2],"tags":[],"class_list":["post-11454","post","type-post","status-publish","format-standard","has-post-thumbnail","hentry","category-hirek"],"acf":[],"_links":{"self":[{"href":"https:\/\/semmelweis.hu\/bioinformatika\/wp-json\/wp\/v2\/posts\/11454","targetHints":{"allow":["GET"]}}],"collection":[{"href":"https:\/\/semmelweis.hu\/bioinformatika\/wp-json\/wp\/v2\/posts"}],"about":[{"href":"https:\/\/semmelweis.hu\/bioinformatika\/wp-json\/wp\/v2\/types\/post"}],"author":[{"embeddable":true,"href":"https:\/\/semmelweis.hu\/bioinformatika\/wp-json\/wp\/v2\/users\/102457"}],"replies":[{"embeddable":true,"href":"https:\/\/semmelweis.hu\/bioinformatika\/wp-json\/wp\/v2\/comments?post=11454"}],"version-history":[{"count":3,"href":"https:\/\/semmelweis.hu\/bioinformatika\/wp-json\/wp\/v2\/posts\/11454\/revisions"}],"predecessor-version":[{"id":11458,"href":"https:\/\/semmelweis.hu\/bioinformatika\/wp-json\/wp\/v2\/posts\/11454\/revisions\/11458"}],"wp:featuredmedia":[{"embeddable":true,"href":"https:\/\/semmelweis.hu\/bioinformatika\/wp-json\/wp\/v2\/media\/11455"}],"wp:attachment":[{"href":"https:\/\/semmelweis.hu\/bioinformatika\/wp-json\/wp\/v2\/media?parent=11454"}],"wp:term":[{"taxonomy":"category","embeddable":true,"href":"https:\/\/semmelweis.hu\/bioinformatika\/wp-json\/wp\/v2\/categories?post=11454"},{"taxonomy":"post_tag","embeddable":true,"href":"https:\/\/semmelweis.hu\/bioinformatika\/wp-json\/wp\/v2\/tags?post=11454"}],"curies":[{"name":"wp","href":"https:\/\/api.w.org\/{rel}","templated":true}]}}