{"id":11438,"date":"2026-03-09T09:01:26","date_gmt":"2026-03-09T08:01:26","guid":{"rendered":"https:\/\/semmelweis.hu\/bioinformatika\/?p=11438"},"modified":"2026-03-09T09:04:01","modified_gmt":"2026-03-09T08:04:01","slug":"elindult-a-clinical-bioinformatics-kurzus","status":"publish","type":"post","link":"https:\/\/semmelweis.hu\/bioinformatika\/elindult-a-clinical-bioinformatics-kurzus\/","title":{"rendered":"Elindult a Clinical Bioinformatics Kurzus"},"content":{"rendered":"<p data-start=\"0\" data-end=\"117\">Mai nappal hivatalosan is elindult a <strong data-start=\"37\" data-end=\"64\">Clinical Bioinformatics<\/strong> kurzus, amelyet a Tansz\u00e9k szervez\u00e9s\u00e9ben tartunk meg.<\/p>\n<p data-start=\"119\" data-end=\"313\">A program c\u00e9lja, hogy struktur\u00e1lt, gyakorlatorient\u00e1lt form\u00e1ban mutassa be a modern orvosbiol\u00f3giai kutat\u00e1sokban \u00e9s a prec\u00edzi\u00f3s orvosl\u00e1sban alkalmazott bioinformatikai \u00e9s adatelemz\u00e9si m\u00f3dszereket.<\/p>\n<p data-start=\"315\" data-end=\"799\">A kurzus sor\u00e1n a r\u00e9sztvev\u0151k \u00e1tfog\u00f3 ismereteket szereznek a bioinformatika alapelveir\u0151l, a klinikai genomika \u00e9s proteomika alkalmaz\u00e1si lehet\u0151s\u00e9geir\u0151l, valamint a mesters\u00e9ges intelligenci\u00e1n \u00e9s g\u00e9pi tanul\u00e1son alapul\u00f3 analitikai megk\u00f6zel\u00edt\u00e9sekr\u0151l. A tananyag kiemelten foglalkozik a statisztikai modellez\u00e9ssel, a predikt\u00edv analitik\u00e1val, a nagym\u00e9ret\u0171 genomikai \u00e9s transzkriptomikai adatok feldolgoz\u00e1s\u00e1nak gyakorlati aspektusaival, valamint az integr\u00e1lt, multiomikai elemz\u00e9si strat\u00e9gi\u00e1kkal.<\/p>\n<p data-start=\"801\" data-end=\"1227\">A k\u00e9pz\u00e9s elm\u00e9leti \u00e9s gyakorlati modulokb\u00f3l \u00e9p\u00fcl fel. A laborat\u00f3riumi szint\u0171 gyakorlati foglalkoz\u00e1sok sor\u00e1n a hallgat\u00f3k k\u00fcl\u00f6nb\u00f6z\u0151 adatelemz\u00e9si \u00e9s modellez\u00e9si eszk\u00f6z\u00f6ket pr\u00f3b\u00e1lnak ki val\u00f3s kutat\u00e1si p\u00e9ld\u00e1kon kereszt\u00fcl, amelyek k\u00f6zvetlen\u00fcl alkalmazhat\u00f3k az orvosbiol\u00f3giai \u00e9s transzl\u00e1ci\u00f3s kutat\u00e1sokban. A kurzus \u00edgy nemcsak elm\u00e9leti tud\u00e1st, hanem a kutat\u00e1si munk\u00e1ban k\u00f6zvetlen\u00fcl hasznos\u00edthat\u00f3 gyakorlati kompetenci\u00e1kat is biztos\u00edt.<\/p>\n<p data-start=\"1229\" data-end=\"1407\" data-is-last-node=\"\" data-is-only-node=\"\">A program az idei \u00e9vben is jelent\u0151s \u00e9rdekl\u0151d\u00e9s mellett indult, ami j\u00f3l mutatja a klinikai bioinformatika egyre n\u00f6vekv\u0151 szerep\u00e9t az orvosl\u00e1s \u00e9s a biomedicin\u00e1lis kutat\u00e1s ter\u00fclet\u00e9n.<\/p>\n<p data-start=\"1229\" data-end=\"1407\" data-is-last-node=\"\" data-is-only-node=\"\"><img loading=\"lazy\" decoding=\"async\" class=\"size-medium wp-image-11443 aligncenter\" src=\"https:\/\/semmelweis.hu\/bioinformatika\/files\/2026\/03\/IMG_3156-400x176.jpeg\" alt=\"\" width=\"400\" height=\"176\" srcset=\"https:\/\/semmelweis.hu\/bioinformatika\/files\/2026\/03\/IMG_3156-400x176.jpeg 400w, https:\/\/semmelweis.hu\/bioinformatika\/files\/2026\/03\/IMG_3156-1024x451.jpeg 1024w, https:\/\/semmelweis.hu\/bioinformatika\/files\/2026\/03\/IMG_3156-768x338.jpeg 768w, https:\/\/semmelweis.hu\/bioinformatika\/files\/2026\/03\/IMG_3156-1536x676.jpeg 1536w, https:\/\/semmelweis.hu\/bioinformatika\/files\/2026\/03\/IMG_3156-2048x901.jpeg 2048w, https:\/\/semmelweis.hu\/bioinformatika\/files\/2026\/03\/IMG_3156-753x331.jpeg 753w\" sizes=\"auto, (max-width: 400px) 100vw, 400px\" \/><\/p>\n<p data-start=\"1229\" data-end=\"1407\" data-is-last-node=\"\" data-is-only-node=\"\">\u00a0<\/p>\n","protected":false},"excerpt":{"rendered":"<p>Mai nappal hivatalosan is elindult a Clinical Bioinformatics kurzus, amelyet a Tansz\u00e9k szervez\u00e9s\u00e9ben tartunk meg. A program c\u00e9lja, hogy struktur\u00e1lt, gyakorlatorient\u00e1lt form\u00e1ban mutassa be a modern orvosbiol\u00f3giai kutat\u00e1sokban \u00e9s a prec\u00edzi\u00f3s orvosl\u00e1sban alkalmazott bioinformatikai \u00e9s adatelemz\u00e9si m\u00f3dszereket. A kurzus sor\u00e1n a r\u00e9sztvev\u0151k \u00e1tfog\u00f3 ismereteket szereznek a bioinformatika alapelveir\u0151l, a klinikai genomika \u00e9s proteomika alkalmaz\u00e1si lehet\u0151s\u00e9geir\u0151l, &hellip;<\/p>\n","protected":false},"author":102457,"featured_media":11440,"comment_status":"closed","ping_status":"closed","sticky":false,"template":"","format":"standard","meta":{"_acf_changed":false,"footnotes":""},"categories":[2],"tags":[],"class_list":["post-11438","post","type-post","status-publish","format-standard","has-post-thumbnail","hentry","category-hirek"],"acf":[],"_links":{"self":[{"href":"https:\/\/semmelweis.hu\/bioinformatika\/wp-json\/wp\/v2\/posts\/11438","targetHints":{"allow":["GET"]}}],"collection":[{"href":"https:\/\/semmelweis.hu\/bioinformatika\/wp-json\/wp\/v2\/posts"}],"about":[{"href":"https:\/\/semmelweis.hu\/bioinformatika\/wp-json\/wp\/v2\/types\/post"}],"author":[{"embeddable":true,"href":"https:\/\/semmelweis.hu\/bioinformatika\/wp-json\/wp\/v2\/users\/102457"}],"replies":[{"embeddable":true,"href":"https:\/\/semmelweis.hu\/bioinformatika\/wp-json\/wp\/v2\/comments?post=11438"}],"version-history":[{"count":3,"href":"https:\/\/semmelweis.hu\/bioinformatika\/wp-json\/wp\/v2\/posts\/11438\/revisions"}],"predecessor-version":[{"id":11444,"href":"https:\/\/semmelweis.hu\/bioinformatika\/wp-json\/wp\/v2\/posts\/11438\/revisions\/11444"}],"wp:featuredmedia":[{"embeddable":true,"href":"https:\/\/semmelweis.hu\/bioinformatika\/wp-json\/wp\/v2\/media\/11440"}],"wp:attachment":[{"href":"https:\/\/semmelweis.hu\/bioinformatika\/wp-json\/wp\/v2\/media?parent=11438"}],"wp:term":[{"taxonomy":"category","embeddable":true,"href":"https:\/\/semmelweis.hu\/bioinformatika\/wp-json\/wp\/v2\/categories?post=11438"},{"taxonomy":"post_tag","embeddable":true,"href":"https:\/\/semmelweis.hu\/bioinformatika\/wp-json\/wp\/v2\/tags?post=11438"}],"curies":[{"name":"wp","href":"https:\/\/api.w.org\/{rel}","templated":true}]}}