{"id":11409,"date":"2026-02-10T16:20:05","date_gmt":"2026-02-10T15:20:05","guid":{"rendered":"https:\/\/semmelweis.hu\/bioinformatika\/?p=11409"},"modified":"2026-02-10T16:20:05","modified_gmt":"2026-02-10T15:20:05","slug":"megtartottuk-idei-harmadik-kerekasztal-kutatoi-megbeszelesunket","status":"publish","type":"post","link":"https:\/\/semmelweis.hu\/bioinformatika\/megtartottuk-idei-harmadik-kerekasztal-kutatoi-megbeszelesunket\/","title":{"rendered":"Megtartottuk idei harmadik kerekasztal kutat\u00f3i megbesz\u00e9l\u00e9s\u00fcnket"},"content":{"rendered":"<p style=\"text-align: justify\">2026.02.09-\u00e9n megtartottuk idei harmadik kutat\u00f3i kerekasztal-megbesz\u00e9l\u00e9s\u00fcnket, ahol egy aktu\u00e1lis <em>progress report<\/em> bemutat\u00e1sa mellett h\u00e1rom, t\u00e9m\u00e1nkhoz kapcsol\u00f3d\u00f3 nemzetk\u00f6zi foly\u00f3iratcikket is k\u00f6z\u00f6sen \u00e1ttekintett\u00fcnk. A besz\u00e1mol\u00f3 r\u00e1vil\u00e1g\u00edtott a kutat\u00e1s jelenlegi \u00e1ll\u00e1s\u00e1ra \u00e9s t\u00f6bb m\u00f3dszertani k\u00e9rd\u00e9sre, amelyek tov\u00e1bbi finom\u00edt\u00e1st ig\u00e9nyelnek.<\/p>\n<p style=\"text-align: justify\">A szakmai diskurzus sor\u00e1n sz\u00e1mos \u00faj \u00f6tlet \u00e9s relev\u00e1ns kutat\u00e1si k\u00e9rd\u00e9s mer\u00fclt fel, k\u00fcl\u00f6n\u00f6sen az eredm\u00e9nyek \u00e9rtelmez\u00e9s\u00e9nek \u00e9s a tov\u00e1bbi elemz\u00e9si ir\u00e1nyok kijel\u00f6l\u00e9s\u00e9nek kapcs\u00e1n, amelyek v\u00e1rhat\u00f3an hozz\u00e1j\u00e1rulnak a projekt k\u00f6vetkez\u0151 f\u00e1zis\u00e1nak megalapoz\u00e1s\u00e1hoz.<\/p>\n<p>&nbsp;<\/p>\n\r\n        [slb_exclude]\r\n        <div class=\"row galeria-wrapper mx-0 h-auto\">\r\n            <div class=\"col-9 pl-0 pr-2\">\r\n            <span class=\"gallery-item frame\">\r\n\t\t\t\t<div class=\"galeria-left-img\"><a href=\"https:\/\/semmelweis.hu\/bioinformatika\/files\/2026\/02\/IMG_2637.jpeg\"><img src=https:\/\/semmelweis.hu\/bioinformatika\/files\/2026\/02\/IMG_2637.jpeg  \r\n                            alt=\"\" \r\n                            class=\"attachment-sote-gallery-big size-sote-gallery-big\" \r\n                            srcset=\"https:\/\/semmelweis.hu\/bioinformatika\/files\/2026\/02\/IMG_2637-400x300.jpeg 400w, https:\/\/semmelweis.hu\/bioinformatika\/files\/2026\/02\/IMG_2637.jpeg 640w\" ><\/a><\/div>\r\n            <\/span>\r\n\r\n            <\/div>\r\n\r\n\t\t\t<div class=\"col-3 pl-0 pr-0\">\r\n\t\t\t\t<div class=\"galeria-right-img d-flex justify-content-between flex-column h-100 w-100 px-0 mx-0 \">\r\n                <div class=\"galeria-box\">\r\n\t\t\t\t\t<h3 class=\"galeria-title\">Gal\u00e9ria<\/h3>\r\n\t\t\t\t\t<div class=\"galeria-subtitle\">\r\n\r\n\t\t\t\t\t\t<div class=\"galeria-page-counter\"><span>4<\/span>k\u00e9p<\/div>\r\n                    <\/div> <\/div>\r\n                    <span class=\"gallery-item frame d-none d-md-flex\">\r\n\t\t\t\t\t<div class=\"galeria-small-img mt-0\"><a href=\"https:\/\/semmelweis.hu\/bioinformatika\/files\/2026\/02\/IMG_2634.jpeg\"><img src=https:\/\/semmelweis.hu\/bioinformatika\/files\/2026\/02\/IMG_2634.jpeg \r\n                                alt=\"\"  \r\n                                class=\"attachment-sote-gallery-small size-sote-gallery-small\" \r\n                                srcset=\"https:\/\/semmelweis.hu\/bioinformatika\/files\/2026\/02\/IMG_2634-400x300.jpeg 400w, https:\/\/semmelweis.hu\/bioinformatika\/files\/2026\/02\/IMG_2634.jpeg 640w\" ><\/a><\/div>\r\n                    <\/span>\r\n                    <span class=\"gallery-item frame d-none d-md-flex\">\r\n\t\t\t\t\t<div class=\"galeria-small-img mt-0\"><a href=\"https:\/\/semmelweis.hu\/bioinformatika\/files\/2026\/02\/IMG_2638.jpeg\"><img src=https:\/\/semmelweis.hu\/bioinformatika\/files\/2026\/02\/IMG_2638.jpeg \r\n                                alt=\"\" \r\n                                class=\"attachment-sote-gallery-small size-sote-gallery-small\" \r\n                                srcset=\"https:\/\/semmelweis.hu\/bioinformatika\/files\/2026\/02\/IMG_2638-400x300.jpeg 400w, https:\/\/semmelweis.hu\/bioinformatika\/files\/2026\/02\/IMG_2638.jpeg 640w\" ><\/a><\/div>\r\n                    <\/span>\r\n\r\n                <\/div>\r\n\r\n            <\/div>\r\n\r\n            <span class=\"gallery-item\"><div class=\"hidden\"><a href=\"https:\/\/semmelweis.hu\/bioinformatika\/files\/2026\/02\/IMG_2639.jpeg\">\r\n        <img src=https:\/\/semmelweis.hu\/bioinformatika\/files\/2026\/02\/IMG_2639.jpeg alt=\"\" class=\"attachment-sote-gallery-big size-sote-gallery-big\" srcset=\"https:\/\/semmelweis.hu\/bioinformatika\/files\/2026\/02\/IMG_2639-400x300.jpeg 400w, https:\/\/semmelweis.hu\/bioinformatika\/files\/2026\/02\/IMG_2639.jpeg 640w\" >\r\n        <\/a><\/div><\/span>\r\n            <\/div>\r\n\r\n            [\/slb_exclude]\r\n\t\n<p>&nbsp;<\/p>\n","protected":false},"excerpt":{"rendered":"<p>2026.02.09-\u00e9n megtartottuk idei harmadik kutat\u00f3i kerekasztal-megbesz\u00e9l\u00e9s\u00fcnket, ahol egy aktu\u00e1lis progress report bemutat\u00e1sa mellett h\u00e1rom, t\u00e9m\u00e1nkhoz kapcsol\u00f3d\u00f3 nemzetk\u00f6zi foly\u00f3iratcikket is k\u00f6z\u00f6sen \u00e1ttekintett\u00fcnk. A besz\u00e1mol\u00f3 r\u00e1vil\u00e1g\u00edtott a kutat\u00e1s jelenlegi \u00e1ll\u00e1s\u00e1ra \u00e9s t\u00f6bb m\u00f3dszertani k\u00e9rd\u00e9sre, amelyek tov\u00e1bbi finom\u00edt\u00e1st ig\u00e9nyelnek. A szakmai diskurzus sor\u00e1n sz\u00e1mos \u00faj \u00f6tlet \u00e9s relev\u00e1ns kutat\u00e1si k\u00e9rd\u00e9s mer\u00fclt fel, k\u00fcl\u00f6n\u00f6sen az eredm\u00e9nyek \u00e9rtelmez\u00e9s\u00e9nek \u00e9s a &hellip;<\/p>\n","protected":false},"author":102440,"featured_media":11410,"comment_status":"closed","ping_status":"closed","sticky":false,"template":"","format":"standard","meta":{"_acf_changed":false,"footnotes":""},"categories":[2],"tags":[],"class_list":["post-11409","post","type-post","status-publish","format-standard","has-post-thumbnail","hentry","category-hirek"],"acf":[],"_links":{"self":[{"href":"https:\/\/semmelweis.hu\/bioinformatika\/wp-json\/wp\/v2\/posts\/11409","targetHints":{"allow":["GET"]}}],"collection":[{"href":"https:\/\/semmelweis.hu\/bioinformatika\/wp-json\/wp\/v2\/posts"}],"about":[{"href":"https:\/\/semmelweis.hu\/bioinformatika\/wp-json\/wp\/v2\/types\/post"}],"author":[{"embeddable":true,"href":"https:\/\/semmelweis.hu\/bioinformatika\/wp-json\/wp\/v2\/users\/102440"}],"replies":[{"embeddable":true,"href":"https:\/\/semmelweis.hu\/bioinformatika\/wp-json\/wp\/v2\/comments?post=11409"}],"version-history":[{"count":1,"href":"https:\/\/semmelweis.hu\/bioinformatika\/wp-json\/wp\/v2\/posts\/11409\/revisions"}],"predecessor-version":[{"id":11415,"href":"https:\/\/semmelweis.hu\/bioinformatika\/wp-json\/wp\/v2\/posts\/11409\/revisions\/11415"}],"wp:featuredmedia":[{"embeddable":true,"href":"https:\/\/semmelweis.hu\/bioinformatika\/wp-json\/wp\/v2\/media\/11410"}],"wp:attachment":[{"href":"https:\/\/semmelweis.hu\/bioinformatika\/wp-json\/wp\/v2\/media?parent=11409"}],"wp:term":[{"taxonomy":"category","embeddable":true,"href":"https:\/\/semmelweis.hu\/bioinformatika\/wp-json\/wp\/v2\/categories?post=11409"},{"taxonomy":"post_tag","embeddable":true,"href":"https:\/\/semmelweis.hu\/bioinformatika\/wp-json\/wp\/v2\/tags?post=11409"}],"curies":[{"name":"wp","href":"https:\/\/api.w.org\/{rel}","templated":true}]}}