{"id":11379,"date":"2026-01-21T15:26:01","date_gmt":"2026-01-21T14:26:01","guid":{"rendered":"https:\/\/semmelweis.hu\/bioinformatika\/?p=11379"},"modified":"2026-01-21T15:26:01","modified_gmt":"2026-01-21T14:26:01","slug":"tanszekunk-munkatarsai-adtak-elo-a-mesterseges-intelligencia-orvosi-alkalmazasairol","status":"publish","type":"post","link":"https:\/\/semmelweis.hu\/bioinformatika\/tanszekunk-munkatarsai-adtak-elo-a-mesterseges-intelligencia-orvosi-alkalmazasairol\/","title":{"rendered":"Tansz\u00e9k\u00fcnk munkat\u00e1rsai adtak el\u0151 a mesters\u00e9ges intelligencia orvosi alkalmaz\u00e1sair\u00f3l"},"content":{"rendered":"<p style=\"text-align: justify\"><strong>Dr. Menyh\u00e1rt Ot\u00edlia, dr. Fekete J\u00e1nos Tibor, \u00e9s dr. Bartha \u00c1ron<\/strong> r\u00e9szv\u00e9tel\u00e9vel zajlott az az esem\u00e9ny, amelyen tansz\u00e9k\u00fcnk munkat\u00e1rsai a mesters\u00e9ges intelligencia orvostudom\u00e1nyban bet\u00f6lt\u00f6tt szerep\u00e9t mutatt\u00e1k be. Az el\u0151ad\u00e1sok f\u00f3kusz\u00e1ban az adatvez\u00e9relt megk\u00f6zel\u00edt\u00e9sek \u00e1lltak, k\u00fcl\u00f6n\u00f6s tekintettel arra, hogyan t\u00e1mogatj\u00e1k a bioinformatikai m\u00f3dszerek a g\u00e9pi tanul\u00e1si modellek klinikai alkalmaz\u00e1s\u00e1t.<\/p>\n<p style=\"text-align: justify\">Narrat\u00edv p\u00e9ld\u00e1kon kereszt\u00fcl mutattuk meg, mik\u00e9nt v\u00e1lik a nagym\u00e9ret\u0171 klinikai, k\u00e9palkot\u00f3 \u00e9s molekul\u00e1ris adatok elemz\u00e9se a mindennapi gy\u00f3gy\u00edt\u00e1s r\u00e9sz\u00e9v\u00e9, \u00e9s hogyan seg\u00edti a bioinformatika az algoritmusok fejleszt\u00e9s\u00e9t, valid\u00e1l\u00e1s\u00e1t \u00e9s \u00e9rtelmez\u00e9s\u00e9t. Meggy\u0151z\u0151d\u00e9s\u00fcnk, hogy a mesters\u00e9ges intelligencia val\u00f3di hozz\u00e1adott \u00e9rt\u00e9ke az orvosl\u00e1sban az adatok m\u00e9ly, bioinformatikai szeml\u00e9let\u0171 feldolgoz\u00e1s\u00e1n kereszt\u00fcl val\u00f3sul meg, amelyben tansz\u00e9k\u00fcnk akt\u00edv szerepet v\u00e1llal.<\/p>\n<p>&nbsp;<\/p>\n<p><img loading=\"lazy\" decoding=\"async\" class=\"alignnone  wp-image-11380\" src=\"https:\/\/semmelweis.hu\/bioinformatika\/files\/2026\/01\/unnamed-2-400x76.png\" alt=\"\" width=\"874\" height=\"166\" srcset=\"https:\/\/semmelweis.hu\/bioinformatika\/files\/2026\/01\/unnamed-2-400x76.png 400w, https:\/\/semmelweis.hu\/bioinformatika\/files\/2026\/01\/unnamed-2-768x146.png 768w, https:\/\/semmelweis.hu\/bioinformatika\/files\/2026\/01\/unnamed-2-753x143.png 753w, https:\/\/semmelweis.hu\/bioinformatika\/files\/2026\/01\/unnamed-2.png 864w\" sizes=\"auto, (max-width: 874px) 100vw, 874px\" \/><\/p>\n","protected":false},"excerpt":{"rendered":"<p>Dr. Menyh\u00e1rt Ot\u00edlia, dr. Fekete J\u00e1nos Tibor, \u00e9s dr. Bartha \u00c1ron r\u00e9szv\u00e9tel\u00e9vel zajlott az az esem\u00e9ny, amelyen tansz\u00e9k\u00fcnk munkat\u00e1rsai a mesters\u00e9ges intelligencia orvostudom\u00e1nyban bet\u00f6lt\u00f6tt szerep\u00e9t mutatt\u00e1k be. Az el\u0151ad\u00e1sok f\u00f3kusz\u00e1ban az adatvez\u00e9relt megk\u00f6zel\u00edt\u00e9sek \u00e1lltak, k\u00fcl\u00f6n\u00f6s tekintettel arra, hogyan t\u00e1mogatj\u00e1k a bioinformatikai m\u00f3dszerek a g\u00e9pi tanul\u00e1si modellek klinikai alkalmaz\u00e1s\u00e1t. Narrat\u00edv p\u00e9ld\u00e1kon kereszt\u00fcl mutattuk meg, mik\u00e9nt v\u00e1lik &hellip;<\/p>\n","protected":false},"author":102440,"featured_media":11381,"comment_status":"closed","ping_status":"closed","sticky":false,"template":"","format":"standard","meta":{"_acf_changed":false,"footnotes":""},"categories":[2],"tags":[],"class_list":["post-11379","post","type-post","status-publish","format-standard","has-post-thumbnail","hentry","category-hirek"],"acf":[],"_links":{"self":[{"href":"https:\/\/semmelweis.hu\/bioinformatika\/wp-json\/wp\/v2\/posts\/11379","targetHints":{"allow":["GET"]}}],"collection":[{"href":"https:\/\/semmelweis.hu\/bioinformatika\/wp-json\/wp\/v2\/posts"}],"about":[{"href":"https:\/\/semmelweis.hu\/bioinformatika\/wp-json\/wp\/v2\/types\/post"}],"author":[{"embeddable":true,"href":"https:\/\/semmelweis.hu\/bioinformatika\/wp-json\/wp\/v2\/users\/102440"}],"replies":[{"embeddable":true,"href":"https:\/\/semmelweis.hu\/bioinformatika\/wp-json\/wp\/v2\/comments?post=11379"}],"version-history":[{"count":1,"href":"https:\/\/semmelweis.hu\/bioinformatika\/wp-json\/wp\/v2\/posts\/11379\/revisions"}],"predecessor-version":[{"id":11382,"href":"https:\/\/semmelweis.hu\/bioinformatika\/wp-json\/wp\/v2\/posts\/11379\/revisions\/11382"}],"wp:featuredmedia":[{"embeddable":true,"href":"https:\/\/semmelweis.hu\/bioinformatika\/wp-json\/wp\/v2\/media\/11381"}],"wp:attachment":[{"href":"https:\/\/semmelweis.hu\/bioinformatika\/wp-json\/wp\/v2\/media?parent=11379"}],"wp:term":[{"taxonomy":"category","embeddable":true,"href":"https:\/\/semmelweis.hu\/bioinformatika\/wp-json\/wp\/v2\/categories?post=11379"},{"taxonomy":"post_tag","embeddable":true,"href":"https:\/\/semmelweis.hu\/bioinformatika\/wp-json\/wp\/v2\/tags?post=11379"}],"curies":[{"name":"wp","href":"https:\/\/api.w.org\/{rel}","templated":true}]}}