{"id":11372,"date":"2026-01-19T10:41:24","date_gmt":"2026-01-19T09:41:24","guid":{"rendered":"https:\/\/semmelweis.hu\/bioinformatika\/?p=11372"},"modified":"2026-01-28T10:38:30","modified_gmt":"2026-01-28T09:38:30","slug":"metaanalysisonline-100-citacio-egy-ev-alatt","status":"publish","type":"post","link":"https:\/\/semmelweis.hu\/bioinformatika\/metaanalysisonline-100-citacio-egy-ev-alatt\/","title":{"rendered":"MetaAnalysisOnline 100 cit\u00e1ci\u00f3 egy \u00e9v alatt"},"content":{"rendered":"<p style=\"text-align: justify\">Dr. Fekete J\u00e1nos Tibor \u00e9s tansz\u00e9k\u00fcnk munkat\u00e1rsai olyan bioinformatikai szeml\u00e9let\u0171 webes eszk\u00f6zt fejlesztettek, amely a nemzetk\u00f6zi tudom\u00e1nyos k\u00f6z\u00f6ss\u00e9gben is gyorsan visszhangra tal\u00e1lt, \u00e9s egy \u00e9ven bel\u00fcl el\u00e9rte a sz\u00e1zadik tudom\u00e1nyos hivatkoz\u00e1st. A MetaAnalysisOnline c\u00e9lja az volt, hogy a metaanal\u00edzisekhez sz\u00fcks\u00e9ges statisztikai \u00e9s adatelemz\u00e9si l\u00e9p\u00e9seket egys\u00e9ges, reproduk\u00e1lhat\u00f3 \u00e9s k\u00f6z\u00e9rthet\u0151 bioinformatikai k\u00f6rnyezetbe szervezze, k\u00fcl\u00f6n\u00f6s tekintettel a klinikai \u00e9s \u00e9lettudom\u00e1nyi kutat\u00e1sok ig\u00e9nyeire. Fejleszt\u00e9s\u00fcnk j\u00f3l p\u00e9ld\u00e1zza, hogy a bioinformatika nem csup\u00e1n h\u00e1tt\u00e9r-infrastrukt\u00fara, hanem a modern kutat\u00e1s akt\u00edv m\u00f3dszertani motorja, amely k\u00e9pes hidat k\u00e9pezni az adatok, az elemz\u00e9s \u00e9s a gyakorlati k\u00f6vetkeztet\u00e9sek k\u00f6z\u00f6tt.<\/p>\n<p><img loading=\"lazy\" decoding=\"async\" class=\"wp-image-11373 aligncenter\" src=\"https:\/\/semmelweis.hu\/bioinformatika\/files\/2026\/01\/unnamed-1-400x57.png\" alt=\"\" width=\"849\" height=\"121\" srcset=\"https:\/\/semmelweis.hu\/bioinformatika\/files\/2026\/01\/unnamed-1-400x57.png 400w, https:\/\/semmelweis.hu\/bioinformatika\/files\/2026\/01\/unnamed-1-768x109.png 768w, https:\/\/semmelweis.hu\/bioinformatika\/files\/2026\/01\/unnamed-1-753x106.png 753w, https:\/\/semmelweis.hu\/bioinformatika\/files\/2026\/01\/unnamed-1.png 884w\" sizes=\"auto, (max-width: 849px) 100vw, 849px\" \/><\/p>\n","protected":false},"excerpt":{"rendered":"<p>Dr. Fekete J\u00e1nos Tibor \u00e9s tansz\u00e9k\u00fcnk munkat\u00e1rsai olyan bioinformatikai szeml\u00e9let\u0171 webes eszk\u00f6zt fejlesztettek, amely a nemzetk\u00f6zi tudom\u00e1nyos k\u00f6z\u00f6ss\u00e9gben is gyorsan visszhangra tal\u00e1lt, \u00e9s egy \u00e9ven bel\u00fcl el\u00e9rte a sz\u00e1zadik tudom\u00e1nyos hivatkoz\u00e1st. A MetaAnalysisOnline c\u00e9lja az volt, hogy a metaanal\u00edzisekhez sz\u00fcks\u00e9ges statisztikai \u00e9s adatelemz\u00e9si l\u00e9p\u00e9seket egys\u00e9ges, reproduk\u00e1lhat\u00f3 \u00e9s k\u00f6z\u00e9rthet\u0151 bioinformatikai k\u00f6rnyezetbe szervezze, k\u00fcl\u00f6n\u00f6s tekintettel a klinikai &hellip;<\/p>\n","protected":false},"author":102440,"featured_media":11374,"comment_status":"closed","ping_status":"closed","sticky":false,"template":"","format":"standard","meta":{"_acf_changed":false,"footnotes":""},"categories":[2],"tags":[],"class_list":["post-11372","post","type-post","status-publish","format-standard","has-post-thumbnail","hentry","category-hirek"],"acf":[],"_links":{"self":[{"href":"https:\/\/semmelweis.hu\/bioinformatika\/wp-json\/wp\/v2\/posts\/11372","targetHints":{"allow":["GET"]}}],"collection":[{"href":"https:\/\/semmelweis.hu\/bioinformatika\/wp-json\/wp\/v2\/posts"}],"about":[{"href":"https:\/\/semmelweis.hu\/bioinformatika\/wp-json\/wp\/v2\/types\/post"}],"author":[{"embeddable":true,"href":"https:\/\/semmelweis.hu\/bioinformatika\/wp-json\/wp\/v2\/users\/102440"}],"replies":[{"embeddable":true,"href":"https:\/\/semmelweis.hu\/bioinformatika\/wp-json\/wp\/v2\/comments?post=11372"}],"version-history":[{"count":5,"href":"https:\/\/semmelweis.hu\/bioinformatika\/wp-json\/wp\/v2\/posts\/11372\/revisions"}],"predecessor-version":[{"id":11401,"href":"https:\/\/semmelweis.hu\/bioinformatika\/wp-json\/wp\/v2\/posts\/11372\/revisions\/11401"}],"wp:featuredmedia":[{"embeddable":true,"href":"https:\/\/semmelweis.hu\/bioinformatika\/wp-json\/wp\/v2\/media\/11374"}],"wp:attachment":[{"href":"https:\/\/semmelweis.hu\/bioinformatika\/wp-json\/wp\/v2\/media?parent=11372"}],"wp:term":[{"taxonomy":"category","embeddable":true,"href":"https:\/\/semmelweis.hu\/bioinformatika\/wp-json\/wp\/v2\/categories?post=11372"},{"taxonomy":"post_tag","embeddable":true,"href":"https:\/\/semmelweis.hu\/bioinformatika\/wp-json\/wp\/v2\/tags?post=11372"}],"curies":[{"name":"wp","href":"https:\/\/api.w.org\/{rel}","templated":true}]}}