{"id":11362,"date":"2026-01-13T12:15:13","date_gmt":"2026-01-13T11:15:13","guid":{"rendered":"https:\/\/semmelweis.hu\/bioinformatika\/?p=11362"},"modified":"2026-01-19T09:32:52","modified_gmt":"2026-01-19T08:32:52","slug":"11362-2","status":"publish","type":"post","link":"https:\/\/semmelweis.hu\/bioinformatika\/11362-2\/","title":{"rendered":"Megtartottuk idei els\u0151 kutat\u00f3 kerekasztalunkat"},"content":{"rendered":"<p style=\"text-align: justify\">2026. janu\u00e1r 12-\u00e9n megtartottuk idei els\u0151 kutat\u00f3 kerekasztalunkat, amelyen tansz\u00e9k\u00fcnk oktat\u00f3i, kutat\u00f3i \u00e9s PhD-hallgat\u00f3i k\u00f6z\u00f6sen vettek r\u00e9szt. Az alkalom sor\u00e1n a folyamatban l\u00e9v\u0151 kutat\u00e1sok el\u0151rehalad\u00e1s\u00e1t \u00e9s friss szakirodalmi eredm\u00e9nyeket vitattuk meg, k\u00fcl\u00f6n\u00f6s figyelmet ford\u00edtva arra, hogyan \u00e9rtelmezhet\u0151k az adatok bioinformatikai m\u00f3dszerekkel.<\/p>\n<p style=\"text-align: justify\">A bemutatott progress \u00e9s journal besz\u00e1mol\u00f3k j\u00f3l t\u00fckr\u00f6zt\u00e9k, hogy a PhD-hallgat\u00f3k akt\u00edv szerepet v\u00e1llalnak az adatelemz\u00e9si feladatokban, az elemz\u00e9si strat\u00e9gi\u00e1k kialak\u00edt\u00e1s\u00e1ban \u00e9s finom\u00edt\u00e1s\u00e1ban. A k\u00f6z\u00f6s gondolkod\u00e1s hozz\u00e1j\u00e1rult ahhoz, hogy pontosabban l\u00e1ssuk a kutat\u00e1sok ir\u00e1ny\u00e1t, \u00e9s meger\u0151s\u00edtette tansz\u00e9k\u00fcnk bioinformatikai f\u00f3kusz\u00e1t az idei munka indul\u00e1sakor.<\/p>\n<p><img loading=\"lazy\" decoding=\"async\" class=\"alignnone  wp-image-11369\" src=\"https:\/\/semmelweis.hu\/bioinformatika\/files\/2026\/01\/Screenshot-from-2026-01-19-09-31-06-400x224.png\" alt=\"\" width=\"762\" height=\"427\" srcset=\"https:\/\/semmelweis.hu\/bioinformatika\/files\/2026\/01\/Screenshot-from-2026-01-19-09-31-06-400x224.png 400w, https:\/\/semmelweis.hu\/bioinformatika\/files\/2026\/01\/Screenshot-from-2026-01-19-09-31-06-1024x573.png 1024w, https:\/\/semmelweis.hu\/bioinformatika\/files\/2026\/01\/Screenshot-from-2026-01-19-09-31-06-768x429.png 768w, https:\/\/semmelweis.hu\/bioinformatika\/files\/2026\/01\/Screenshot-from-2026-01-19-09-31-06-753x421.png 753w, https:\/\/semmelweis.hu\/bioinformatika\/files\/2026\/01\/Screenshot-from-2026-01-19-09-31-06.png 1452w\" sizes=\"auto, (max-width: 762px) 100vw, 762px\" \/><\/p>\n","protected":false},"excerpt":{"rendered":"<p>2026. janu\u00e1r 12-\u00e9n megtartottuk idei els\u0151 kutat\u00f3 kerekasztalunkat, amelyen tansz\u00e9k\u00fcnk oktat\u00f3i, kutat\u00f3i \u00e9s PhD-hallgat\u00f3i k\u00f6z\u00f6sen vettek r\u00e9szt. Az alkalom sor\u00e1n a folyamatban l\u00e9v\u0151 kutat\u00e1sok el\u0151rehalad\u00e1s\u00e1t \u00e9s friss szakirodalmi eredm\u00e9nyeket vitattuk meg, k\u00fcl\u00f6n\u00f6s figyelmet ford\u00edtva arra, hogyan \u00e9rtelmezhet\u0151k az adatok bioinformatikai m\u00f3dszerekkel. A bemutatott progress \u00e9s journal besz\u00e1mol\u00f3k j\u00f3l t\u00fckr\u00f6zt\u00e9k, hogy a PhD-hallgat\u00f3k akt\u00edv szerepet v\u00e1llalnak &hellip;<\/p>\n","protected":false},"author":102440,"featured_media":11371,"comment_status":"closed","ping_status":"closed","sticky":false,"template":"","format":"standard","meta":{"_acf_changed":false,"footnotes":""},"categories":[2],"tags":[],"class_list":["post-11362","post","type-post","status-publish","format-standard","has-post-thumbnail","hentry","category-hirek"],"acf":[],"_links":{"self":[{"href":"https:\/\/semmelweis.hu\/bioinformatika\/wp-json\/wp\/v2\/posts\/11362","targetHints":{"allow":["GET"]}}],"collection":[{"href":"https:\/\/semmelweis.hu\/bioinformatika\/wp-json\/wp\/v2\/posts"}],"about":[{"href":"https:\/\/semmelweis.hu\/bioinformatika\/wp-json\/wp\/v2\/types\/post"}],"author":[{"embeddable":true,"href":"https:\/\/semmelweis.hu\/bioinformatika\/wp-json\/wp\/v2\/users\/102440"}],"replies":[{"embeddable":true,"href":"https:\/\/semmelweis.hu\/bioinformatika\/wp-json\/wp\/v2\/comments?post=11362"}],"version-history":[{"count":5,"href":"https:\/\/semmelweis.hu\/bioinformatika\/wp-json\/wp\/v2\/posts\/11362\/revisions"}],"predecessor-version":[{"id":11370,"href":"https:\/\/semmelweis.hu\/bioinformatika\/wp-json\/wp\/v2\/posts\/11362\/revisions\/11370"}],"wp:featuredmedia":[{"embeddable":true,"href":"https:\/\/semmelweis.hu\/bioinformatika\/wp-json\/wp\/v2\/media\/11371"}],"wp:attachment":[{"href":"https:\/\/semmelweis.hu\/bioinformatika\/wp-json\/wp\/v2\/media?parent=11362"}],"wp:term":[{"taxonomy":"category","embeddable":true,"href":"https:\/\/semmelweis.hu\/bioinformatika\/wp-json\/wp\/v2\/categories?post=11362"},{"taxonomy":"post_tag","embeddable":true,"href":"https:\/\/semmelweis.hu\/bioinformatika\/wp-json\/wp\/v2\/tags?post=11362"}],"curies":[{"name":"wp","href":"https:\/\/api.w.org\/{rel}","templated":true}]}}