{"id":11340,"date":"2026-01-06T15:51:01","date_gmt":"2026-01-06T14:51:01","guid":{"rendered":"https:\/\/semmelweis.hu\/bioinformatika\/?p=11340"},"modified":"2026-01-06T15:52:53","modified_gmt":"2026-01-06T14:52:53","slug":"hibrid-3d-tumoroidok-tervezese-uj-dimenzioban","status":"publish","type":"post","link":"https:\/\/semmelweis.hu\/bioinformatika\/hibrid-3d-tumoroidok-tervezese-uj-dimenzioban\/","title":{"rendered":"Hibrid 3D tumoroidok tervez\u00e9se \u00faj dimenzi\u00f3ban"},"content":{"rendered":"<p style=\"text-align: justify\"><img loading=\"lazy\" decoding=\"async\" class=\" wp-image-11048 alignleft\" src=\"https:\/\/semmelweis.hu\/bioinformatika\/files\/2025\/06\/GYB-267x400.jpg\" alt=\"\" width=\"289\" height=\"433\" srcset=\"https:\/\/semmelweis.hu\/bioinformatika\/files\/2025\/06\/GYB-267x400.jpg 267w, https:\/\/semmelweis.hu\/bioinformatika\/files\/2025\/06\/GYB.jpg 600w\" sizes=\"auto, (max-width: 289px) 100vw, 289px\" \/>Tansz\u00e9k\u00fcnk kutat\u00f3j\u00e1nak, <strong>Prof. Dr. Gy\u0151rffy Bal\u00e1zsnak<\/strong> k\u00f6zrem\u0171k\u00f6d\u00e9s\u00e9vel a <em>Nature Communications<\/em> foly\u00f3iratban megjelent tanulm\u00e1ny bemutatja, hogyan integr\u00e1lhat\u00f3k szintetikus sejtek term\u00e9szetes daganatsejtekkel \u00fagy, hogy azok \u00f6nszervez\u0151d\u0151 3D tumoroidokat alkossanak, amelyek mesters\u00e9ges, de kontroll\u00e1lhat\u00f3 mikro k\u00f6rnyezetet teremtenek a r\u00e1kbiol\u00f3giai vizsg\u00e1latokhoz. A munk\u00e1ban a k\u00eds\u00e9rleti \u00e9s sz\u00e1m\u00edt\u00e1sos bioinformatikai eszk\u00f6z\u00f6k kulcsszerepet j\u00e1tszottak abban, hogy felt\u00e9rk\u00e9pezz\u00fck a szintetikus \u00e9s term\u00e9szetes sejtek k\u00f6zti interakci\u00f3k m\u00f6g\u00f6tt \u00e1ll\u00f3 biol\u00f3giai jeleket \u00e9s mechanizmusokat, k\u00fcl\u00f6n\u00f6sen az adh\u00e9zi\u00f3s profilok \u00e9s a jel\u00e1tviteli h\u00e1l\u00f3zatok \u00f6sszef\u00fcgg\u00e9seit. A bioinformatikai elemz\u00e9sek n\u00e9lk\u00fcl\u00f6zhetetlen\u00fcl seg\u00edtett\u00e9k el\u0151 az adatok struktur\u00e1lt \u00e9rtelmez\u00e9s\u00e9t \u00e9s a mikrok\u00f6rnyezet jellemz\u0151inek rendszer szint\u0171 meg\u00e9rt\u00e9s\u00e9t.<\/p>\n<p style=\"text-align: justify\">A kutat\u00e1s sor\u00e1n k\u00fcl\u00f6nf\u00e9le szintetikus sejtt\u00edpusokat tesztelt\u00fcnk a tumoroidokba val\u00f3 be\u00e9p\u00fcl\u00e9si k\u00e9pess\u00e9g\u00fck alapj\u00e1n, \u00e9s azt tal\u00e1ltuk, hogy az adh\u00e9zi\u00f3s jellegzetess\u00e9gek \u2013 mind a sejten bel\u00fcli, mind a sejtek k\u00f6z\u00f6tti kapcsol\u00f3d\u00e1si mint\u00e1zatok \u2013 d\u00f6nt\u0151 t\u00e9nyez\u0151k ebben a folyamatban. A bioinformatikai elemz\u00e9s r\u00e9v\u00e9n siker\u00fclt meghat\u00e1roznunk, mely molekul\u00e1ris jelutak \u00e9s g\u00e9nexpresszi\u00f3s mint\u00e1zatok kapcsol\u00f3dnak a szintetikus sejtek integr\u00e1ci\u00f3j\u00e1hoz \u00e9s stabil megmarad\u00e1s\u00e1hoz a 3D kult\u00far\u00e1kban, ami \u00faj lehet\u0151s\u00e9geket nyit a tumork\u00f6rnyezet modellez\u00e9s\u00e9ben.<\/p>\n<p style=\"text-align: justify\">V\u00e9g\u00fcl alkalmaztuk az \u00fagynevezett ART-TIME megk\u00f6zel\u00edt\u00e9st, amellyel mesters\u00e9ges tumor-immun mikro k\u00f6rnyezeteket hoztunk l\u00e9tre, \u00e9s ezeket a rendszereket bioinformatik\u00e1val t\u00e1mogatott transzkriptomikai adatelemz\u00e9ssel vizsg\u00e1ltuk. Ezzel felt\u00e1rtuk az immunreceptorok k\u00f6z\u00f6tti ko-szign\u00e1l\u00e1si mechanizmusokat, amelyek szerepet j\u00e1tszhatnak p\u00e9ld\u00e1ul a hasny\u00e1lmirigyr\u00e1k immunelker\u00fcl\u00e9s\u00e9ben, \u00e9s bemutattuk, hogy az ilyen komplex interakci\u00f3k felt\u00e9rk\u00e9pez\u00e9se bioinformatikai alapokon nyugv\u00f3 h\u00e1l\u00f3zatelemz\u00e9ssel val\u00f3s\u00edthat\u00f3 meg a leghat\u00e9konyabban.<\/p>\n<p style=\"text-align: justify\">\u00a0<\/p>\n<p style=\"text-align: justify\">CIKK Innen t\u00f6lthet\u0151 le: <a href=\"https:\/\/pmc.ncbi.nlm.nih.gov\/articles\/PMC12698700\/\">https:\/\/pmc.ncbi.nlm.nih.gov\/articles\/PMC12698700\/<\/a><\/p>\n<p>&nbsp;<\/p>\n<p><img loading=\"lazy\" decoding=\"async\" class=\"alignnone  wp-image-11342\" src=\"https:\/\/semmelweis.hu\/bioinformatika\/files\/2026\/01\/unnamed-400x59.png\" alt=\"\" width=\"807\" height=\"119\" srcset=\"https:\/\/semmelweis.hu\/bioinformatika\/files\/2026\/01\/unnamed-400x59.png 400w, https:\/\/semmelweis.hu\/bioinformatika\/files\/2026\/01\/unnamed-620x92.png 620w, https:\/\/semmelweis.hu\/bioinformatika\/files\/2026\/01\/unnamed.png 625w\" sizes=\"auto, (max-width: 807px) 100vw, 807px\" \/><\/p>\n","protected":false},"excerpt":{"rendered":"<p>Tansz\u00e9k\u00fcnk kutat\u00f3j\u00e1nak, Prof. Dr. Gy\u0151rffy Bal\u00e1zsnak k\u00f6zrem\u0171k\u00f6d\u00e9s\u00e9vel a Nature Communications foly\u00f3iratban megjelent tanulm\u00e1ny bemutatja, hogyan integr\u00e1lhat\u00f3k szintetikus sejtek term\u00e9szetes daganatsejtekkel \u00fagy, hogy azok \u00f6nszervez\u0151d\u0151 3D tumoroidokat alkossanak, amelyek mesters\u00e9ges, de kontroll\u00e1lhat\u00f3 mikro k\u00f6rnyezetet teremtenek a r\u00e1kbiol\u00f3giai vizsg\u00e1latokhoz. A munk\u00e1ban a k\u00eds\u00e9rleti \u00e9s sz\u00e1m\u00edt\u00e1sos bioinformatikai eszk\u00f6z\u00f6k kulcsszerepet j\u00e1tszottak abban, hogy felt\u00e9rk\u00e9pezz\u00fck a szintetikus \u00e9s term\u00e9szetes sejtek &hellip;<\/p>\n","protected":false},"author":102440,"featured_media":11350,"comment_status":"closed","ping_status":"closed","sticky":false,"template":"","format":"standard","meta":{"_acf_changed":false,"footnotes":""},"categories":[2],"tags":[],"class_list":["post-11340","post","type-post","status-publish","format-standard","has-post-thumbnail","hentry","category-hirek"],"acf":[],"_links":{"self":[{"href":"https:\/\/semmelweis.hu\/bioinformatika\/wp-json\/wp\/v2\/posts\/11340","targetHints":{"allow":["GET"]}}],"collection":[{"href":"https:\/\/semmelweis.hu\/bioinformatika\/wp-json\/wp\/v2\/posts"}],"about":[{"href":"https:\/\/semmelweis.hu\/bioinformatika\/wp-json\/wp\/v2\/types\/post"}],"author":[{"embeddable":true,"href":"https:\/\/semmelweis.hu\/bioinformatika\/wp-json\/wp\/v2\/users\/102440"}],"replies":[{"embeddable":true,"href":"https:\/\/semmelweis.hu\/bioinformatika\/wp-json\/wp\/v2\/comments?post=11340"}],"version-history":[{"count":5,"href":"https:\/\/semmelweis.hu\/bioinformatika\/wp-json\/wp\/v2\/posts\/11340\/revisions"}],"predecessor-version":[{"id":11347,"href":"https:\/\/semmelweis.hu\/bioinformatika\/wp-json\/wp\/v2\/posts\/11340\/revisions\/11347"}],"wp:featuredmedia":[{"embeddable":true,"href":"https:\/\/semmelweis.hu\/bioinformatika\/wp-json\/wp\/v2\/media\/11350"}],"wp:attachment":[{"href":"https:\/\/semmelweis.hu\/bioinformatika\/wp-json\/wp\/v2\/media?parent=11340"}],"wp:term":[{"taxonomy":"category","embeddable":true,"href":"https:\/\/semmelweis.hu\/bioinformatika\/wp-json\/wp\/v2\/categories?post=11340"},{"taxonomy":"post_tag","embeddable":true,"href":"https:\/\/semmelweis.hu\/bioinformatika\/wp-json\/wp\/v2\/tags?post=11340"}],"curies":[{"name":"wp","href":"https:\/\/api.w.org\/{rel}","templated":true}]}}