{"id":11309,"date":"2025-12-08T09:19:30","date_gmt":"2025-12-08T08:19:30","guid":{"rendered":"https:\/\/semmelweis.hu\/bioinformatika\/?p=11309"},"modified":"2025-12-08T09:19:30","modified_gmt":"2025-12-08T08:19:30","slug":"decemberi-kutatoi-szalont-is-megtartottuk","status":"publish","type":"post","link":"https:\/\/semmelweis.hu\/bioinformatika\/decemberi-kutatoi-szalont-is-megtartottuk\/","title":{"rendered":"Decemberi kutat\u00f3i szalont is megtartottuk"},"content":{"rendered":"<p style=\"text-align: justify\">Decemberi Kutat\u00f3i Szalonon a Bioinformatika Tansz\u00e9k munkat\u00e1rsai \u00e9s PhD-hallgat\u00f3i tartottak r\u00f6vid \u201eprogress report\u201d besz\u00e1mol\u00f3kat: \u00edgy minden r\u00e9sztvev\u0151 \u00e1tl\u00e1thatta, ki hol tart a saj\u00e1t projektj\u00e9ben \u00e9s merre halad a kutat\u00e1s. A prezent\u00e1ci\u00f3k ut\u00e1n k\u00f6z\u00f6s megbesz\u00e9l\u00e9s zajlott, ahol t\u00f6bb izgalmas k\u00e9rd\u00e9s is felmer\u00fclt \u2014 ezekr\u0151l \u00e9l\u00e9nk szakmai diskurzus indult, amely tov\u00e1bbgondol\u00e1sra \u00f6szt\u00f6n\u00f6zte a hallgat\u00f3kat \u00e9s kutat\u00f3kat.<\/p>\n<p style=\"text-align: justify\">A besz\u00e1mol\u00f3k \u00e9s vita sor\u00e1n nemcsak friss eredm\u00e9nyek \u00e9s m\u00f3dszertani lehet\u0151s\u00e9gek ker\u00fcltek ter\u00edt\u00e9kre, hanem a j\u00f6v\u0151beli kutat\u00e1si ir\u00e1nyokra is inspir\u00e1l\u00f3 \u00f6tletek sz\u00fclettek. A rendezv\u00e9ny alkalmat adott arra, hogy koll\u00e9g\u00e1k jobban megismerj\u00e9k egym\u00e1s munk\u00e1j\u00e1t, \u00e9s \u00faj egy\u00fcttm\u0171k\u00f6d\u00e9sek is kil\u00e1t\u00e1sba ker\u00fcltek.<img loading=\"lazy\" decoding=\"async\" class=\"alignnone  wp-image-11312\" src=\"https:\/\/semmelweis.hu\/bioinformatika\/files\/2025\/12\/unnamed-400x71.png\" alt=\"\" width=\"817\" height=\"145\" srcset=\"https:\/\/semmelweis.hu\/bioinformatika\/files\/2025\/12\/unnamed-400x71.png 400w, https:\/\/semmelweis.hu\/bioinformatika\/files\/2025\/12\/unnamed-1024x182.png 1024w, https:\/\/semmelweis.hu\/bioinformatika\/files\/2025\/12\/unnamed-768x137.png 768w, https:\/\/semmelweis.hu\/bioinformatika\/files\/2025\/12\/unnamed-753x134.png 753w, https:\/\/semmelweis.hu\/bioinformatika\/files\/2025\/12\/unnamed.png 1414w\" sizes=\"auto, (max-width: 817px) 100vw, 817px\" \/><\/p>\n","protected":false},"excerpt":{"rendered":"<p>Decemberi Kutat\u00f3i Szalonon a Bioinformatika Tansz\u00e9k munkat\u00e1rsai \u00e9s PhD-hallgat\u00f3i tartottak r\u00f6vid \u201eprogress report\u201d besz\u00e1mol\u00f3kat: \u00edgy minden r\u00e9sztvev\u0151 \u00e1tl\u00e1thatta, ki hol tart a saj\u00e1t projektj\u00e9ben \u00e9s merre halad a kutat\u00e1s. A prezent\u00e1ci\u00f3k ut\u00e1n k\u00f6z\u00f6s megbesz\u00e9l\u00e9s zajlott, ahol t\u00f6bb izgalmas k\u00e9rd\u00e9s is felmer\u00fclt \u2014 ezekr\u0151l \u00e9l\u00e9nk szakmai diskurzus indult, amely tov\u00e1bbgondol\u00e1sra \u00f6szt\u00f6n\u00f6zte a hallgat\u00f3kat \u00e9s kutat\u00f3kat. A &hellip;<\/p>\n","protected":false},"author":102440,"featured_media":11310,"comment_status":"closed","ping_status":"closed","sticky":false,"template":"","format":"standard","meta":{"_acf_changed":false,"footnotes":""},"categories":[2],"tags":[],"class_list":["post-11309","post","type-post","status-publish","format-standard","has-post-thumbnail","hentry","category-hirek"],"acf":[],"_links":{"self":[{"href":"https:\/\/semmelweis.hu\/bioinformatika\/wp-json\/wp\/v2\/posts\/11309","targetHints":{"allow":["GET"]}}],"collection":[{"href":"https:\/\/semmelweis.hu\/bioinformatika\/wp-json\/wp\/v2\/posts"}],"about":[{"href":"https:\/\/semmelweis.hu\/bioinformatika\/wp-json\/wp\/v2\/types\/post"}],"author":[{"embeddable":true,"href":"https:\/\/semmelweis.hu\/bioinformatika\/wp-json\/wp\/v2\/users\/102440"}],"replies":[{"embeddable":true,"href":"https:\/\/semmelweis.hu\/bioinformatika\/wp-json\/wp\/v2\/comments?post=11309"}],"version-history":[{"count":1,"href":"https:\/\/semmelweis.hu\/bioinformatika\/wp-json\/wp\/v2\/posts\/11309\/revisions"}],"predecessor-version":[{"id":11313,"href":"https:\/\/semmelweis.hu\/bioinformatika\/wp-json\/wp\/v2\/posts\/11309\/revisions\/11313"}],"wp:featuredmedia":[{"embeddable":true,"href":"https:\/\/semmelweis.hu\/bioinformatika\/wp-json\/wp\/v2\/media\/11310"}],"wp:attachment":[{"href":"https:\/\/semmelweis.hu\/bioinformatika\/wp-json\/wp\/v2\/media?parent=11309"}],"wp:term":[{"taxonomy":"category","embeddable":true,"href":"https:\/\/semmelweis.hu\/bioinformatika\/wp-json\/wp\/v2\/categories?post=11309"},{"taxonomy":"post_tag","embeddable":true,"href":"https:\/\/semmelweis.hu\/bioinformatika\/wp-json\/wp\/v2\/tags?post=11309"}],"curies":[{"name":"wp","href":"https:\/\/api.w.org\/{rel}","templated":true}]}}