{"id":11294,"date":"2025-12-01T08:26:31","date_gmt":"2025-12-01T07:26:31","guid":{"rendered":"https:\/\/semmelweis.hu\/bioinformatika\/?p=11294"},"modified":"2025-12-01T08:26:32","modified_gmt":"2025-12-01T07:26:32","slug":"evzaro-vacsora-a-buda-gourmetben","status":"publish","type":"post","link":"https:\/\/semmelweis.hu\/bioinformatika\/evzaro-vacsora-a-buda-gourmetben\/","title":{"rendered":"\u00c9vz\u00e1r\u00f3 vacsora  a Buda Gourmetben"},"content":{"rendered":"<p>Az \u00e9v v\u00e9g\u00e9hez k\u00f6zeledve egy meghitt vacsora adott alkalmat arra, hogy egy\u00fctt tekints\u00fcnk vissza az elm\u00falt id\u0151szak esem\u00e9nyeire. A k\u00f6tetlen, bar\u00e1ts\u00e1gos hangulat\u00fa este els\u0151sorban a tal\u00e1lkoz\u00e1sr\u00f3l \u00e9s a k\u00f6z\u00f6s \u00e9lm\u00e9nyekr\u0151l sz\u00f3lt, ahol a j\u00f3 besz\u00e9lget\u00e9sek \u00e9s az \u00fcnnepi hangulat kapt\u00e1k a f\u0151szerepet.<\/p>\n<p>Az \u00e9vz\u00e1r\u00f3 vacsora lehet\u0151s\u00e9get adott a felt\u00f6lt\u0151d\u00e9sre, az el\u00e9rt eredm\u00e9nyek \u00e9rt\u00e9kel\u00e9s\u00e9re \u00e9s arra, hogy pozit\u00edv v\u00e1rakoz\u00e1ssal tekints\u00fcnk a k\u00f6vetkez\u0151 \u00e9v el\u00e9.<\/p>\n<p><img loading=\"lazy\" decoding=\"async\" class=\"alignnone  wp-image-11296\" src=\"https:\/\/semmelweis.hu\/bioinformatika\/files\/2025\/12\/39775-400x300.jpg\" alt=\"\" width=\"877\" height=\"658\" srcset=\"https:\/\/semmelweis.hu\/bioinformatika\/files\/2025\/12\/39775-400x300.jpg 400w, https:\/\/semmelweis.hu\/bioinformatika\/files\/2025\/12\/39775-1024x768.jpg 1024w, https:\/\/semmelweis.hu\/bioinformatika\/files\/2025\/12\/39775-768x576.jpg 768w, https:\/\/semmelweis.hu\/bioinformatika\/files\/2025\/12\/39775-753x565.jpg 753w, https:\/\/semmelweis.hu\/bioinformatika\/files\/2025\/12\/39775.jpg 1280w\" sizes=\"auto, (max-width: 877px) 100vw, 877px\" \/><\/p>\n","protected":false},"excerpt":{"rendered":"<p>Az \u00e9v v\u00e9g\u00e9hez k\u00f6zeledve egy meghitt vacsora adott alkalmat arra, hogy egy\u00fctt tekints\u00fcnk vissza az elm\u00falt id\u0151szak esem\u00e9nyeire. A k\u00f6tetlen, bar\u00e1ts\u00e1gos hangulat\u00fa este els\u0151sorban a tal\u00e1lkoz\u00e1sr\u00f3l \u00e9s a k\u00f6z\u00f6s \u00e9lm\u00e9nyekr\u0151l sz\u00f3lt, ahol a j\u00f3 besz\u00e9lget\u00e9sek \u00e9s az \u00fcnnepi hangulat kapt\u00e1k a f\u0151szerepet. Az \u00e9vz\u00e1r\u00f3 vacsora lehet\u0151s\u00e9get adott a felt\u00f6lt\u0151d\u00e9sre, az el\u00e9rt eredm\u00e9nyek \u00e9rt\u00e9kel\u00e9s\u00e9re \u00e9s arra, &hellip;<\/p>\n","protected":false},"author":102440,"featured_media":11295,"comment_status":"closed","ping_status":"closed","sticky":false,"template":"","format":"standard","meta":{"_acf_changed":false,"footnotes":""},"categories":[2],"tags":[],"class_list":["post-11294","post","type-post","status-publish","format-standard","has-post-thumbnail","hentry","category-hirek"],"acf":[],"_links":{"self":[{"href":"https:\/\/semmelweis.hu\/bioinformatika\/wp-json\/wp\/v2\/posts\/11294","targetHints":{"allow":["GET"]}}],"collection":[{"href":"https:\/\/semmelweis.hu\/bioinformatika\/wp-json\/wp\/v2\/posts"}],"about":[{"href":"https:\/\/semmelweis.hu\/bioinformatika\/wp-json\/wp\/v2\/types\/post"}],"author":[{"embeddable":true,"href":"https:\/\/semmelweis.hu\/bioinformatika\/wp-json\/wp\/v2\/users\/102440"}],"replies":[{"embeddable":true,"href":"https:\/\/semmelweis.hu\/bioinformatika\/wp-json\/wp\/v2\/comments?post=11294"}],"version-history":[{"count":1,"href":"https:\/\/semmelweis.hu\/bioinformatika\/wp-json\/wp\/v2\/posts\/11294\/revisions"}],"predecessor-version":[{"id":11297,"href":"https:\/\/semmelweis.hu\/bioinformatika\/wp-json\/wp\/v2\/posts\/11294\/revisions\/11297"}],"wp:featuredmedia":[{"embeddable":true,"href":"https:\/\/semmelweis.hu\/bioinformatika\/wp-json\/wp\/v2\/media\/11295"}],"wp:attachment":[{"href":"https:\/\/semmelweis.hu\/bioinformatika\/wp-json\/wp\/v2\/media?parent=11294"}],"wp:term":[{"taxonomy":"category","embeddable":true,"href":"https:\/\/semmelweis.hu\/bioinformatika\/wp-json\/wp\/v2\/categories?post=11294"},{"taxonomy":"post_tag","embeddable":true,"href":"https:\/\/semmelweis.hu\/bioinformatika\/wp-json\/wp\/v2\/tags?post=11294"}],"curies":[{"name":"wp","href":"https:\/\/api.w.org\/{rel}","templated":true}]}}