{"id":11283,"date":"2025-11-24T11:45:09","date_gmt":"2025-11-24T10:45:09","guid":{"rendered":"https:\/\/semmelweis.hu\/bioinformatika\/?p=11283"},"modified":"2025-11-24T11:45:09","modified_gmt":"2025-11-24T10:45:09","slug":"reszvetel-a-semmelweis-szimpoziumon-fokuszban-a-sziv-es-ergyogyaszat-jovoje","status":"publish","type":"post","link":"https:\/\/semmelweis.hu\/bioinformatika\/reszvetel-a-semmelweis-szimpoziumon-fokuszban-a-sziv-es-ergyogyaszat-jovoje\/","title":{"rendered":"R\u00e9szv\u00e9tel a Semmelweis Szimp\u00f3ziumon \u2013 f\u00f3kuszban a sz\u00edv- \u00e9s \u00e9rgy\u00f3gy\u00e1szat j\u00f6v\u0151je"},"content":{"rendered":"<p style=\"text-align: justify\">A Semmelweis Szimp\u00f3zium idei rendezv\u00e9nye a sz\u00edv- \u00e9s \u00e9rgy\u00f3gy\u00e1szat leg\u00fajabb klinikai gyakorlatait mutatta be, kiemelt hangs\u00falyt helyezve az innovat\u00edv diagnosztikai \u00e9s ter\u00e1pi\u00e1s megold\u00e1sokra. A nemzetk\u00f6zi szakmai f\u00f3rum sz\u00e1mos el\u0151ad\u00e1st vonultatott fel a genetikai \u00e9s biomarker-alap\u00fa megk\u00f6zel\u00edt\u00e9sekr\u0151l, a szem\u00e9lyre szabott orvosl\u00e1sr\u00f3l, a minim\u00e1lisan invaz\u00edv elj\u00e1r\u00e1sokr\u00f3l \u00e9s a digit\u00e1lis technol\u00f3gi\u00e1k, k\u00f6zt\u00fck a mesters\u00e9ges intelligencia szerep\u00e9r\u0151l a modern kardiol\u00f3gi\u00e1ban.<br \/>\nTansz\u00e9k\u00fcnk is r\u00e9szt vett az esem\u00e9nyen, ahol \u00e9rt\u00e9kes szakmai inspir\u00e1ci\u00f3t \u00e9s \u00faj egy\u00fcttm\u0171k\u00f6d\u00e9si lehet\u0151s\u00e9geket szerezt\u00fcnk a sz\u00edv- \u00e9s \u00e9rrendszeri kutat\u00e1sok fejleszt\u00e9s\u00e9hez.<\/p>\n<p style=\"text-align: justify\"><img loading=\"lazy\" decoding=\"async\" class=\"wp-image-11284 aligncenter\" src=\"https:\/\/semmelweis.hu\/bioinformatika\/files\/2025\/11\/sympozium-400x267.jpg\" alt=\"\" width=\"701\" height=\"467\" srcset=\"https:\/\/semmelweis.hu\/bioinformatika\/files\/2025\/11\/sympozium-400x267.jpg 400w, https:\/\/semmelweis.hu\/bioinformatika\/files\/2025\/11\/sympozium-1024x683.jpg 1024w, https:\/\/semmelweis.hu\/bioinformatika\/files\/2025\/11\/sympozium-768x512.jpg 768w, https:\/\/semmelweis.hu\/bioinformatika\/files\/2025\/11\/sympozium-1536x1024.jpg 1536w, https:\/\/semmelweis.hu\/bioinformatika\/files\/2025\/11\/sympozium-2048x1365.jpg 2048w, https:\/\/semmelweis.hu\/bioinformatika\/files\/2025\/11\/sympozium-753x502.jpg 753w, https:\/\/semmelweis.hu\/bioinformatika\/files\/2025\/11\/sympozium-203x135.jpg 203w\" sizes=\"auto, (max-width: 701px) 100vw, 701px\" \/><\/p>\n","protected":false},"excerpt":{"rendered":"<p>A Semmelweis Szimp\u00f3zium idei rendezv\u00e9nye a sz\u00edv- \u00e9s \u00e9rgy\u00f3gy\u00e1szat leg\u00fajabb klinikai gyakorlatait mutatta be, kiemelt hangs\u00falyt helyezve az innovat\u00edv diagnosztikai \u00e9s ter\u00e1pi\u00e1s megold\u00e1sokra. A nemzetk\u00f6zi szakmai f\u00f3rum sz\u00e1mos el\u0151ad\u00e1st vonultatott fel a genetikai \u00e9s biomarker-alap\u00fa megk\u00f6zel\u00edt\u00e9sekr\u0151l, a szem\u00e9lyre szabott orvosl\u00e1sr\u00f3l, a minim\u00e1lisan invaz\u00edv elj\u00e1r\u00e1sokr\u00f3l \u00e9s a digit\u00e1lis technol\u00f3gi\u00e1k, k\u00f6zt\u00fck a mesters\u00e9ges intelligencia szerep\u00e9r\u0151l a modern &hellip;<\/p>\n","protected":false},"author":102440,"featured_media":11285,"comment_status":"closed","ping_status":"closed","sticky":false,"template":"","format":"standard","meta":{"_acf_changed":false,"footnotes":""},"categories":[2],"tags":[],"class_list":["post-11283","post","type-post","status-publish","format-standard","has-post-thumbnail","hentry","category-hirek"],"acf":[],"_links":{"self":[{"href":"https:\/\/semmelweis.hu\/bioinformatika\/wp-json\/wp\/v2\/posts\/11283","targetHints":{"allow":["GET"]}}],"collection":[{"href":"https:\/\/semmelweis.hu\/bioinformatika\/wp-json\/wp\/v2\/posts"}],"about":[{"href":"https:\/\/semmelweis.hu\/bioinformatika\/wp-json\/wp\/v2\/types\/post"}],"author":[{"embeddable":true,"href":"https:\/\/semmelweis.hu\/bioinformatika\/wp-json\/wp\/v2\/users\/102440"}],"replies":[{"embeddable":true,"href":"https:\/\/semmelweis.hu\/bioinformatika\/wp-json\/wp\/v2\/comments?post=11283"}],"version-history":[{"count":8,"href":"https:\/\/semmelweis.hu\/bioinformatika\/wp-json\/wp\/v2\/posts\/11283\/revisions"}],"predecessor-version":[{"id":11293,"href":"https:\/\/semmelweis.hu\/bioinformatika\/wp-json\/wp\/v2\/posts\/11283\/revisions\/11293"}],"wp:featuredmedia":[{"embeddable":true,"href":"https:\/\/semmelweis.hu\/bioinformatika\/wp-json\/wp\/v2\/media\/11285"}],"wp:attachment":[{"href":"https:\/\/semmelweis.hu\/bioinformatika\/wp-json\/wp\/v2\/media?parent=11283"}],"wp:term":[{"taxonomy":"category","embeddable":true,"href":"https:\/\/semmelweis.hu\/bioinformatika\/wp-json\/wp\/v2\/categories?post=11283"},{"taxonomy":"post_tag","embeddable":true,"href":"https:\/\/semmelweis.hu\/bioinformatika\/wp-json\/wp\/v2\/tags?post=11283"}],"curies":[{"name":"wp","href":"https:\/\/api.w.org\/{rel}","templated":true}]}}