{"id":11279,"date":"2025-11-23T19:37:32","date_gmt":"2025-11-23T18:37:32","guid":{"rendered":"https:\/\/semmelweis.hu\/bioinformatika\/?p=11279"},"modified":"2025-11-23T19:37:32","modified_gmt":"2025-11-23T18:37:32","slug":"prof-dr-gyorffy-balazs-ismet-a-highly-cited-researchers-listan","status":"publish","type":"post","link":"https:\/\/semmelweis.hu\/bioinformatika\/prof-dr-gyorffy-balazs-ismet-a-highly-cited-researchers-listan\/","title":{"rendered":"Prof. Dr. Gy\u0151rffy Bal\u00e1zs ism\u00e9t a Highly Cited Researchers list\u00e1n"},"content":{"rendered":"<p><img loading=\"lazy\" decoding=\"async\" class=\" wp-image-11048 alignleft\" src=\"https:\/\/semmelweis.hu\/bioinformatika\/files\/2025\/06\/GYB-267x400.jpg\" alt=\"\" width=\"204\" height=\"306\" srcset=\"https:\/\/semmelweis.hu\/bioinformatika\/files\/2025\/06\/GYB-267x400.jpg 267w, https:\/\/semmelweis.hu\/bioinformatika\/files\/2025\/06\/GYB.jpg 600w\" sizes=\"auto, (max-width: 204px) 100vw, 204px\" \/><\/p>\n<p style=\"font-weight: 400;text-align: justify\">A Web of Science k\u00f6zz\u00e9tette a\u00a0<em>Highly Cited Researchers 2025<\/em>\u00a0list\u00e1t, amely a szakter\u00fclet\u00fck\u00f6n kiemelked\u0151 id\u00e9zetts\u00e9g\u0171 kutat\u00f3kat sorolja fel.\u00a0<strong>Prof. Dr. Gy\u0151rffy Bal\u00e1zs<\/strong>\u00a0\u2013 a tavalyi \u00e9vhez hasonl\u00f3an \u2013 id\u00e9n is szerepel az \u00f6ssze\u00e1ll\u00edt\u00e1sban.<\/p>\n<p style=\"font-weight: 400;text-align: justify\">A lista itt \u00e9rhet\u0151 el:<\/p>\n<p style=\"font-weight: 400\"><a href=\"https:\/\/clarivate.com\/highly-cited-researchers\/\">https:\/\/clarivate.com\/highly-cited-researchers\/<\/a><\/p>\n","protected":false},"excerpt":{"rendered":"<p>A Web of Science k\u00f6zz\u00e9tette a\u00a0Highly Cited Researchers 2025\u00a0list\u00e1t, amely a szakter\u00fclet\u00fck\u00f6n kiemelked\u0151 id\u00e9zetts\u00e9g\u0171 kutat\u00f3kat sorolja fel.\u00a0Prof. Dr. Gy\u0151rffy Bal\u00e1zs\u00a0\u2013 a tavalyi \u00e9vhez hasonl\u00f3an \u2013 id\u00e9n is szerepel az \u00f6ssze\u00e1ll\u00edt\u00e1sban.<br \/>\nA lista itt \u00e9rhet\u0151 el:<br \/>\n<a href=\"https:\/\/clarivate.com\/highly-cited-researchers\/\">https:\/\/clarivate.com\/highly-cited-researchers\/<\/a><\/p>\n","protected":false},"author":102440,"featured_media":11280,"comment_status":"closed","ping_status":"closed","sticky":false,"template":"","format":"standard","meta":{"_acf_changed":false,"footnotes":""},"categories":[2],"tags":[],"class_list":["post-11279","post","type-post","status-publish","format-standard","has-post-thumbnail","hentry","category-hirek"],"acf":[],"_links":{"self":[{"href":"https:\/\/semmelweis.hu\/bioinformatika\/wp-json\/wp\/v2\/posts\/11279","targetHints":{"allow":["GET"]}}],"collection":[{"href":"https:\/\/semmelweis.hu\/bioinformatika\/wp-json\/wp\/v2\/posts"}],"about":[{"href":"https:\/\/semmelweis.hu\/bioinformatika\/wp-json\/wp\/v2\/types\/post"}],"author":[{"embeddable":true,"href":"https:\/\/semmelweis.hu\/bioinformatika\/wp-json\/wp\/v2\/users\/102440"}],"replies":[{"embeddable":true,"href":"https:\/\/semmelweis.hu\/bioinformatika\/wp-json\/wp\/v2\/comments?post=11279"}],"version-history":[{"count":2,"href":"https:\/\/semmelweis.hu\/bioinformatika\/wp-json\/wp\/v2\/posts\/11279\/revisions"}],"predecessor-version":[{"id":11282,"href":"https:\/\/semmelweis.hu\/bioinformatika\/wp-json\/wp\/v2\/posts\/11279\/revisions\/11282"}],"wp:featuredmedia":[{"embeddable":true,"href":"https:\/\/semmelweis.hu\/bioinformatika\/wp-json\/wp\/v2\/media\/11280"}],"wp:attachment":[{"href":"https:\/\/semmelweis.hu\/bioinformatika\/wp-json\/wp\/v2\/media?parent=11279"}],"wp:term":[{"taxonomy":"category","embeddable":true,"href":"https:\/\/semmelweis.hu\/bioinformatika\/wp-json\/wp\/v2\/categories?post=11279"},{"taxonomy":"post_tag","embeddable":true,"href":"https:\/\/semmelweis.hu\/bioinformatika\/wp-json\/wp\/v2\/tags?post=11279"}],"curies":[{"name":"wp","href":"https:\/\/api.w.org\/{rel}","templated":true}]}}