{"id":11266,"date":"2025-11-17T10:46:11","date_gmt":"2025-11-17T09:46:11","guid":{"rendered":"https:\/\/semmelweis.hu\/bioinformatika\/?p=11266"},"modified":"2025-11-17T10:46:26","modified_gmt":"2025-11-17T09:46:26","slug":"tanszekunk-reszt-vett-a-mabit-bioinformatikai-konferencian","status":"publish","type":"post","link":"https:\/\/semmelweis.hu\/bioinformatika\/tanszekunk-reszt-vett-a-mabit-bioinformatikai-konferencian\/","title":{"rendered":"Tansz\u00e9k\u00fcnk r\u00e9szt vett a MABIT Bioinformatikai Konferenci\u00e1n"},"content":{"rendered":"<p style=\"text-align: justify\">A MABIT Bioinformatikai Konferenci\u00e1n bemutat\u00e1sra ker\u00fclt egy \u00faj, mesters\u00e9ges intelligenci\u00e1n alapul\u00f3 t\u00fal\u00e9l\u00e9s-el\u0151rejelz\u0151 modell, amely 1 milli\u00f3 eml\u0151tumoros beteg klinikai adatain k\u00e9sz\u00fclt.<br \/>\nAz el\u0151ad\u00e1st R\u00e1cz Anita (HUN-REN TTK) tartotta, aki Ankita Murmu \u00e9s Prof. Dr. Gy\u0151rffy Bal\u00e1zs k\u00f6z\u00f6s kutat\u00e1si eredm\u00e9nyeit mutatta be.<\/p>\n<p style=\"text-align: justify\">A fejlesztett AI-algoritmus c\u00e9lja, hogy pontosabb progn\u00f3zist adjon, \u00e9s t\u00e1mogassa a kezel\u00e9sek szem\u00e9lyre szab\u00e1s\u00e1t az eml\u0151r\u00e1k ell\u00e1t\u00e1s\u00e1ban.<\/p>\n<p><img loading=\"lazy\" decoding=\"async\" class=\"alignnone  wp-image-11267\" src=\"https:\/\/semmelweis.hu\/bioinformatika\/files\/2025\/11\/image0012-400x150.png\" alt=\"\" width=\"768\" height=\"288\" srcset=\"https:\/\/semmelweis.hu\/bioinformatika\/files\/2025\/11\/image0012-400x150.png 400w, https:\/\/semmelweis.hu\/bioinformatika\/files\/2025\/11\/image0012-768x289.png 768w, https:\/\/semmelweis.hu\/bioinformatika\/files\/2025\/11\/image0012-753x283.png 753w, https:\/\/semmelweis.hu\/bioinformatika\/files\/2025\/11\/image0012.png 806w\" sizes=\"auto, (max-width: 768px) 100vw, 768px\" \/><\/p>\n","protected":false},"excerpt":{"rendered":"<p>A MABIT Bioinformatikai Konferenci\u00e1n bemutat\u00e1sra ker\u00fclt egy \u00faj, mesters\u00e9ges intelligenci\u00e1n alapul\u00f3 t\u00fal\u00e9l\u00e9s-el\u0151rejelz\u0151 modell, amely 1 milli\u00f3 eml\u0151tumoros beteg klinikai adatain k\u00e9sz\u00fclt. Az el\u0151ad\u00e1st R\u00e1cz Anita (HUN-REN TTK) tartotta, aki Ankita Murmu \u00e9s Prof. Dr. Gy\u0151rffy Bal\u00e1zs k\u00f6z\u00f6s kutat\u00e1si eredm\u00e9nyeit mutatta be. A fejlesztett AI-algoritmus c\u00e9lja, hogy pontosabb progn\u00f3zist adjon, \u00e9s t\u00e1mogassa a kezel\u00e9sek szem\u00e9lyre szab\u00e1s\u00e1t &hellip;<\/p>\n","protected":false},"author":102440,"featured_media":11267,"comment_status":"closed","ping_status":"closed","sticky":false,"template":"","format":"standard","meta":{"_acf_changed":false,"footnotes":""},"categories":[2],"tags":[],"class_list":["post-11266","post","type-post","status-publish","format-standard","has-post-thumbnail","hentry","category-hirek"],"acf":[],"_links":{"self":[{"href":"https:\/\/semmelweis.hu\/bioinformatika\/wp-json\/wp\/v2\/posts\/11266","targetHints":{"allow":["GET"]}}],"collection":[{"href":"https:\/\/semmelweis.hu\/bioinformatika\/wp-json\/wp\/v2\/posts"}],"about":[{"href":"https:\/\/semmelweis.hu\/bioinformatika\/wp-json\/wp\/v2\/types\/post"}],"author":[{"embeddable":true,"href":"https:\/\/semmelweis.hu\/bioinformatika\/wp-json\/wp\/v2\/users\/102440"}],"replies":[{"embeddable":true,"href":"https:\/\/semmelweis.hu\/bioinformatika\/wp-json\/wp\/v2\/comments?post=11266"}],"version-history":[{"count":2,"href":"https:\/\/semmelweis.hu\/bioinformatika\/wp-json\/wp\/v2\/posts\/11266\/revisions"}],"predecessor-version":[{"id":11270,"href":"https:\/\/semmelweis.hu\/bioinformatika\/wp-json\/wp\/v2\/posts\/11266\/revisions\/11270"}],"wp:featuredmedia":[{"embeddable":true,"href":"https:\/\/semmelweis.hu\/bioinformatika\/wp-json\/wp\/v2\/media\/11267"}],"wp:attachment":[{"href":"https:\/\/semmelweis.hu\/bioinformatika\/wp-json\/wp\/v2\/media?parent=11266"}],"wp:term":[{"taxonomy":"category","embeddable":true,"href":"https:\/\/semmelweis.hu\/bioinformatika\/wp-json\/wp\/v2\/categories?post=11266"},{"taxonomy":"post_tag","embeddable":true,"href":"https:\/\/semmelweis.hu\/bioinformatika\/wp-json\/wp\/v2\/tags?post=11266"}],"curies":[{"name":"wp","href":"https:\/\/api.w.org\/{rel}","templated":true}]}}