{"id":11247,"date":"2025-11-06T11:16:27","date_gmt":"2025-11-06T10:16:27","guid":{"rendered":"https:\/\/semmelweis.hu\/bioinformatika\/?p=11247"},"modified":"2025-11-06T11:16:27","modified_gmt":"2025-11-06T10:16:27","slug":"oszi-kutatoi-szalon","status":"publish","type":"post","link":"https:\/\/semmelweis.hu\/bioinformatika\/oszi-kutatoi-szalon\/","title":{"rendered":"\u0150szi kutat\u00f3i Szalon"},"content":{"rendered":"<p style=\"text-align: justify\">Okt\u00f3ber 27-\u00e9n tartottuk meg <strong>\u0150szi Kutat\u00f3i Szalonunkat<\/strong>, amelynek k\u00f6zponti c\u00e9lja ez alkalommal az volt, hogy k\u00f6z\u00f6sen \u00e1ttekints\u00fck kutat\u00f3ink \u00e9s hallgat\u00f3ink aktu\u00e1lis munk\u00e1j\u00e1t, el\u0151rehalad\u00e1s\u00e1t \u00e9s kih\u00edv\u00e1sait.<\/p>\n<p style=\"text-align: justify\">A r\u00f6vid bemutat\u00f3k sor\u00e1n <strong>minden r\u00e9sztvev\u0151 besz\u00e1molt arr\u00f3l, hogy projektje jelenleg hol tart, illetve milyen ponton \u00fctk\u00f6z\u00f6tt elakad\u00e1sba<\/strong>. Ez lehet\u0151s\u00e9get adott arra, hogy egym\u00e1st seg\u00edtve \u2014 tapasztalatot, m\u00f3dszertani javaslatot vagy technikai tippet megosztva \u2014 k\u00f6z\u00f6sen gondolkodjunk a hat\u00e9konyabb megold\u00e1sokon.<\/p>\n<p style=\"text-align: justify\">A besz\u00e9lget\u00e9sekb\u0151l sz\u00e1mos <strong>\u00faj \u00f6tlet \u00e9s kutat\u00e1si lehet\u0151s\u00e9g<\/strong> is sz\u00fcletett, amelyek tov\u00e1bbi egy\u00fcttm\u0171k\u00f6d\u00e9sek \u00e9s fejleszt\u00e9si ir\u00e1nyok alapj\u00e1t k\u00e9pezhetik a k\u00f6vetkez\u0151 id\u0151szakban. A r\u00e9sztvev\u0151k visszajelz\u00e9sei alapj\u00e1n a szalon nemcsak a megl\u00e9v\u0151 probl\u00e9m\u00e1k kezel\u00e9s\u00e9ben volt hasznos, de friss motiv\u00e1ci\u00f3t \u00e9s inspir\u00e1ci\u00f3t is adott mindenkinek.<\/p>\n<p style=\"text-align: justify\">K\u00f6sz\u00f6nj\u00fck a r\u00e9szv\u00e9telt \u00e9s az akt\u00edv hozz\u00e1j\u00e1rul\u00e1st \u2014 hamarosan \u00fajra tal\u00e1lkozunk!<\/p>\n<p><img loading=\"lazy\" decoding=\"async\" class=\"wp-image-11248 aligncenter\" src=\"https:\/\/semmelweis.hu\/bioinformatika\/files\/2025\/11\/image0011-400x164.png\" alt=\"\" width=\"654\" height=\"268\" srcset=\"https:\/\/semmelweis.hu\/bioinformatika\/files\/2025\/11\/image0011-400x164.png 400w, https:\/\/semmelweis.hu\/bioinformatika\/files\/2025\/11\/image0011-1024x421.png 1024w, https:\/\/semmelweis.hu\/bioinformatika\/files\/2025\/11\/image0011-768x315.png 768w, https:\/\/semmelweis.hu\/bioinformatika\/files\/2025\/11\/image0011-753x309.png 753w, https:\/\/semmelweis.hu\/bioinformatika\/files\/2025\/11\/image0011.png 1064w\" sizes=\"auto, (max-width: 654px) 100vw, 654px\" \/><\/p>\n","protected":false},"excerpt":{"rendered":"<p>Okt\u00f3ber 27-\u00e9n tartottuk meg \u0150szi Kutat\u00f3i Szalonunkat, amelynek k\u00f6zponti c\u00e9lja ez alkalommal az volt, hogy k\u00f6z\u00f6sen \u00e1ttekints\u00fck kutat\u00f3ink \u00e9s hallgat\u00f3ink aktu\u00e1lis munk\u00e1j\u00e1t, el\u0151rehalad\u00e1s\u00e1t \u00e9s kih\u00edv\u00e1sait. A r\u00f6vid bemutat\u00f3k sor\u00e1n minden r\u00e9sztvev\u0151 besz\u00e1molt arr\u00f3l, hogy projektje jelenleg hol tart, illetve milyen ponton \u00fctk\u00f6z\u00f6tt elakad\u00e1sba. Ez lehet\u0151s\u00e9get adott arra, hogy egym\u00e1st seg\u00edtve \u2014 tapasztalatot, m\u00f3dszertani javaslatot vagy &hellip;<\/p>\n","protected":false},"author":102440,"featured_media":11249,"comment_status":"closed","ping_status":"closed","sticky":false,"template":"","format":"standard","meta":{"_acf_changed":false,"footnotes":""},"categories":[2],"tags":[],"class_list":["post-11247","post","type-post","status-publish","format-standard","has-post-thumbnail","hentry","category-hirek"],"acf":[],"_links":{"self":[{"href":"https:\/\/semmelweis.hu\/bioinformatika\/wp-json\/wp\/v2\/posts\/11247","targetHints":{"allow":["GET"]}}],"collection":[{"href":"https:\/\/semmelweis.hu\/bioinformatika\/wp-json\/wp\/v2\/posts"}],"about":[{"href":"https:\/\/semmelweis.hu\/bioinformatika\/wp-json\/wp\/v2\/types\/post"}],"author":[{"embeddable":true,"href":"https:\/\/semmelweis.hu\/bioinformatika\/wp-json\/wp\/v2\/users\/102440"}],"replies":[{"embeddable":true,"href":"https:\/\/semmelweis.hu\/bioinformatika\/wp-json\/wp\/v2\/comments?post=11247"}],"version-history":[{"count":3,"href":"https:\/\/semmelweis.hu\/bioinformatika\/wp-json\/wp\/v2\/posts\/11247\/revisions"}],"predecessor-version":[{"id":11252,"href":"https:\/\/semmelweis.hu\/bioinformatika\/wp-json\/wp\/v2\/posts\/11247\/revisions\/11252"}],"wp:featuredmedia":[{"embeddable":true,"href":"https:\/\/semmelweis.hu\/bioinformatika\/wp-json\/wp\/v2\/media\/11249"}],"wp:attachment":[{"href":"https:\/\/semmelweis.hu\/bioinformatika\/wp-json\/wp\/v2\/media?parent=11247"}],"wp:term":[{"taxonomy":"category","embeddable":true,"href":"https:\/\/semmelweis.hu\/bioinformatika\/wp-json\/wp\/v2\/categories?post=11247"},{"taxonomy":"post_tag","embeddable":true,"href":"https:\/\/semmelweis.hu\/bioinformatika\/wp-json\/wp\/v2\/tags?post=11247"}],"curies":[{"name":"wp","href":"https:\/\/api.w.org\/{rel}","templated":true}]}}