{"id":11217,"date":"2025-10-20T09:02:04","date_gmt":"2025-10-20T07:02:04","guid":{"rendered":"https:\/\/semmelweis.hu\/bioinformatika\/?p=11217"},"modified":"2025-10-20T09:04:05","modified_gmt":"2025-10-20T07:04:05","slug":"tanszekunk-uj-munkatarsa-mutatkozik-be-czigeldrom-korom-judit","status":"publish","type":"post","link":"https:\/\/semmelweis.hu\/bioinformatika\/tanszekunk-uj-munkatarsa-mutatkozik-be-czigeldrom-korom-judit\/","title":{"rendered":"Tansz\u00e9k\u00fcnk \u00faj munkat\u00e1rsa mutatkozik be, Czigeldrom-Korom Judit"},"content":{"rendered":"<p style=\"text-align: justify\"><img loading=\"lazy\" decoding=\"async\" class=\" wp-image-11218 alignleft\" src=\"https:\/\/semmelweis.hu\/bioinformatika\/files\/2025\/10\/AirBrush_20251016114447-258x400.jpg\" alt=\"\" width=\"273\" height=\"423\" srcset=\"https:\/\/semmelweis.hu\/bioinformatika\/files\/2025\/10\/AirBrush_20251016114447-258x400.jpg 258w, https:\/\/semmelweis.hu\/bioinformatika\/files\/2025\/10\/AirBrush_20251016114447-660x1024.jpg 660w, https:\/\/semmelweis.hu\/bioinformatika\/files\/2025\/10\/AirBrush_20251016114447-768x1192.jpg 768w, https:\/\/semmelweis.hu\/bioinformatika\/files\/2025\/10\/AirBrush_20251016114447-989x1536.jpg 989w, https:\/\/semmelweis.hu\/bioinformatika\/files\/2025\/10\/AirBrush_20251016114447-753x1169.jpg 753w, https:\/\/semmelweis.hu\/bioinformatika\/files\/2025\/10\/AirBrush_20251016114447.jpg 1213w\" sizes=\"auto, (max-width: 273px) 100vw, 273px\" \/>A Szegedi Tudom\u00e1nyegyetem Term\u00e9szettudom\u00e1nyi \u00e9s Informatikai kar\u00e1n v\u00e9geztem 2025-ben vegy\u00e9sz mester szakon. Tanulm\u00e1nyaim elv\u00e9gz\u00e9se alatt a Bay Zolt\u00e1n Alkalmazott K\u00f6zhaszn\u00fa Nonprofit Kft. szegedi r\u00e9szleg\u00e9n dolgoztam, mint laborat\u00f3riumi asszisztens, ahol f\u0151k\u00e9nt biol\u00f3giai mint\u00e1k vizsg\u00e1lat\u00e1t v\u00e9gezt\u00fck steril k\u00f6rnyezetben. Ezt k\u00f6vet\u0151en a Szegedi Tudom\u00e1nyegyetem Fizikai K\u00e9miai \u00e9s Anyagtudom\u00e1nyi Tansz\u00e9k\u00e9n helyezkedtem el, ahol szerves-szervetlen perovszkitok spektroelektrok\u00e9miai tulajdons\u00e1gainak vizsg\u00e1lat\u00e1val foglalkoztam. Jelenleg kutat\u00e1si asszisztensek\u00e9nt r\u00e9szt veszek a Semmelweis Onkobankba \u00e9rkez\u0151 mint\u00e1k \u00e1tv\u00e9tel\u00e9vel \u00e9s regisztr\u00e1ci\u00f3j\u00e1val kapcsolatos dokument\u00e1ci\u00f3ban, valamint a mint\u00e1k izol\u00e1l\u00e1s\u00e1ban \u00e9s kisebb laborat\u00f3riumi feladatok elv\u00e9gz\u00e9s\u00e9ben.<\/p>\n","protected":false},"excerpt":{"rendered":"<p>A Szegedi Tudom\u00e1nyegyetem Term\u00e9szettudom\u00e1nyi \u00e9s Informatikai kar\u00e1n v\u00e9geztem 2025-ben vegy\u00e9sz mester szakon. Tanulm\u00e1nyaim elv\u00e9gz\u00e9se alatt a Bay Zolt\u00e1n Alkalmazott K\u00f6zhaszn\u00fa Nonprofit Kft. szegedi r\u00e9szleg\u00e9n dolgoztam, mint laborat\u00f3riumi asszisztens, ahol f\u0151k\u00e9nt biol\u00f3giai mint\u00e1k vizsg\u00e1lat\u00e1t v\u00e9gezt\u00fck steril k\u00f6rnyezetben. Ezt k\u00f6vet\u0151en a Szegedi Tudom\u00e1nyegyetem Fizikai K\u00e9miai \u00e9s Anyagtudom\u00e1nyi Tansz\u00e9k\u00e9n helyezkedtem el, ahol szerves-szervetlen perovszkitok spektroelektrok\u00e9miai tulajdons\u00e1gainak vizsg\u00e1lat\u00e1val foglalkoztam. &hellip;<\/p>\n","protected":false},"author":102440,"featured_media":11222,"comment_status":"closed","ping_status":"closed","sticky":false,"template":"","format":"standard","meta":{"_acf_changed":false,"footnotes":""},"categories":[2],"tags":[],"class_list":["post-11217","post","type-post","status-publish","format-standard","has-post-thumbnail","hentry","category-hirek"],"acf":[],"_links":{"self":[{"href":"https:\/\/semmelweis.hu\/bioinformatika\/wp-json\/wp\/v2\/posts\/11217","targetHints":{"allow":["GET"]}}],"collection":[{"href":"https:\/\/semmelweis.hu\/bioinformatika\/wp-json\/wp\/v2\/posts"}],"about":[{"href":"https:\/\/semmelweis.hu\/bioinformatika\/wp-json\/wp\/v2\/types\/post"}],"author":[{"embeddable":true,"href":"https:\/\/semmelweis.hu\/bioinformatika\/wp-json\/wp\/v2\/users\/102440"}],"replies":[{"embeddable":true,"href":"https:\/\/semmelweis.hu\/bioinformatika\/wp-json\/wp\/v2\/comments?post=11217"}],"version-history":[{"count":2,"href":"https:\/\/semmelweis.hu\/bioinformatika\/wp-json\/wp\/v2\/posts\/11217\/revisions"}],"predecessor-version":[{"id":11220,"href":"https:\/\/semmelweis.hu\/bioinformatika\/wp-json\/wp\/v2\/posts\/11217\/revisions\/11220"}],"wp:featuredmedia":[{"embeddable":true,"href":"https:\/\/semmelweis.hu\/bioinformatika\/wp-json\/wp\/v2\/media\/11222"}],"wp:attachment":[{"href":"https:\/\/semmelweis.hu\/bioinformatika\/wp-json\/wp\/v2\/media?parent=11217"}],"wp:term":[{"taxonomy":"category","embeddable":true,"href":"https:\/\/semmelweis.hu\/bioinformatika\/wp-json\/wp\/v2\/categories?post=11217"},{"taxonomy":"post_tag","embeddable":true,"href":"https:\/\/semmelweis.hu\/bioinformatika\/wp-json\/wp\/v2\/tags?post=11217"}],"curies":[{"name":"wp","href":"https:\/\/api.w.org\/{rel}","templated":true}]}}