{"id":11212,"date":"2025-10-14T13:44:16","date_gmt":"2025-10-14T11:44:16","guid":{"rendered":"https:\/\/semmelweis.hu\/bioinformatika\/?p=11212"},"modified":"2025-10-14T13:44:16","modified_gmt":"2025-10-14T11:44:16","slug":"oktoberi-kutatoi-szalon","status":"publish","type":"post","link":"https:\/\/semmelweis.hu\/bioinformatika\/oktoberi-kutatoi-szalon\/","title":{"rendered":"Okt\u00f3beri Kutat\u00f3i Szalon"},"content":{"rendered":"<p style=\"text-align: justify\">Okt\u00f3ber 13-\u00e1n megtartottuk k\u00f6vetkez\u0151 <strong>Kutat\u00f3i Szalonunkat<\/strong>, ahol ism\u00e9t tartalmas szakmai eszmecsere zajlott.<br \/>\nA programban <strong>progress reportok<\/strong> \u00e9s <strong>journal club<\/strong> szerepeltek, valamint t\u00f6bb \u00e9rdekes kutat\u00e1si t\u00e9ma is napirendre ker\u00fclt k\u00fcl\u00f6nb\u00f6z\u0151 adatforr\u00e1sok, elemz\u00e9si m\u00f3dszerek \u00e9s k\u00eds\u00e9rleti eredm\u00e9nyek kapcs\u00e1n.<\/p>\n<p style=\"text-align: justify\">Azok, akik ez alkalommal nem tartottak el\u0151ad\u00e1st, <strong>egyperces besz\u00e1mol\u00f3kban<\/strong> ismertett\u00e9k, mivel foglalkoztak az elm\u00falt k\u00e9t h\u00e9tben. A felmer\u00fclt probl\u00e9m\u00e1kat k\u00f6z\u00f6sen megbesz\u00e9lt\u00fck \u00e9s megoldottuk.<\/p>\n<p style=\"text-align: justify\">A szalon ez\u00fattal is j\u00f3 hangulatban telt, \u00e9s inspir\u00e1l\u00f3 \u00f6tletekkel gazdagodtunk a k\u00f6vetkez\u0151 id\u0151szakra.<\/p>\n<p style=\"text-align: justify\"><img loading=\"lazy\" decoding=\"async\" class=\"alignnone  wp-image-11213\" src=\"https:\/\/semmelweis.hu\/bioinformatika\/files\/2025\/10\/image001-400x148.png\" alt=\"\" width=\"1043\" height=\"386\" srcset=\"https:\/\/semmelweis.hu\/bioinformatika\/files\/2025\/10\/image001-400x148.png 400w, https:\/\/semmelweis.hu\/bioinformatika\/files\/2025\/10\/image001-768x284.png 768w, https:\/\/semmelweis.hu\/bioinformatika\/files\/2025\/10\/image001-753x278.png 753w, https:\/\/semmelweis.hu\/bioinformatika\/files\/2025\/10\/image001.png 1025w\" sizes=\"auto, (max-width: 1043px) 100vw, 1043px\" \/><\/p>\n","protected":false},"excerpt":{"rendered":"<p>Okt\u00f3ber 13-\u00e1n megtartottuk k\u00f6vetkez\u0151 Kutat\u00f3i Szalonunkat, ahol ism\u00e9t tartalmas szakmai eszmecsere zajlott. A programban progress reportok \u00e9s journal club szerepeltek, valamint t\u00f6bb \u00e9rdekes kutat\u00e1si t\u00e9ma is napirendre ker\u00fclt k\u00fcl\u00f6nb\u00f6z\u0151 adatforr\u00e1sok, elemz\u00e9si m\u00f3dszerek \u00e9s k\u00eds\u00e9rleti eredm\u00e9nyek kapcs\u00e1n. Azok, akik ez alkalommal nem tartottak el\u0151ad\u00e1st, egyperces besz\u00e1mol\u00f3kban ismertett\u00e9k, mivel foglalkoztak az elm\u00falt k\u00e9t h\u00e9tben. A felmer\u00fclt probl\u00e9m\u00e1kat &hellip;<\/p>\n","protected":false},"author":102440,"featured_media":11213,"comment_status":"closed","ping_status":"closed","sticky":false,"template":"","format":"standard","meta":{"_acf_changed":false,"footnotes":""},"categories":[2],"tags":[],"class_list":["post-11212","post","type-post","status-publish","format-standard","has-post-thumbnail","hentry","category-hirek"],"acf":[],"_links":{"self":[{"href":"https:\/\/semmelweis.hu\/bioinformatika\/wp-json\/wp\/v2\/posts\/11212","targetHints":{"allow":["GET"]}}],"collection":[{"href":"https:\/\/semmelweis.hu\/bioinformatika\/wp-json\/wp\/v2\/posts"}],"about":[{"href":"https:\/\/semmelweis.hu\/bioinformatika\/wp-json\/wp\/v2\/types\/post"}],"author":[{"embeddable":true,"href":"https:\/\/semmelweis.hu\/bioinformatika\/wp-json\/wp\/v2\/users\/102440"}],"replies":[{"embeddable":true,"href":"https:\/\/semmelweis.hu\/bioinformatika\/wp-json\/wp\/v2\/comments?post=11212"}],"version-history":[{"count":2,"href":"https:\/\/semmelweis.hu\/bioinformatika\/wp-json\/wp\/v2\/posts\/11212\/revisions"}],"predecessor-version":[{"id":11215,"href":"https:\/\/semmelweis.hu\/bioinformatika\/wp-json\/wp\/v2\/posts\/11212\/revisions\/11215"}],"wp:featuredmedia":[{"embeddable":true,"href":"https:\/\/semmelweis.hu\/bioinformatika\/wp-json\/wp\/v2\/media\/11213"}],"wp:attachment":[{"href":"https:\/\/semmelweis.hu\/bioinformatika\/wp-json\/wp\/v2\/media?parent=11212"}],"wp:term":[{"taxonomy":"category","embeddable":true,"href":"https:\/\/semmelweis.hu\/bioinformatika\/wp-json\/wp\/v2\/categories?post=11212"},{"taxonomy":"post_tag","embeddable":true,"href":"https:\/\/semmelweis.hu\/bioinformatika\/wp-json\/wp\/v2\/tags?post=11212"}],"curies":[{"name":"wp","href":"https:\/\/api.w.org\/{rel}","templated":true}]}}