{"id":11181,"date":"2025-09-16T12:26:00","date_gmt":"2025-09-16T10:26:00","guid":{"rendered":"https:\/\/semmelweis.hu\/bioinformatika\/?p=11181"},"modified":"2025-09-16T12:28:39","modified_gmt":"2025-09-16T10:28:39","slug":"tanszekunk-megtartotta-elso-oszi-ertekezletet","status":"publish","type":"post","link":"https:\/\/semmelweis.hu\/bioinformatika\/tanszekunk-megtartotta-elso-oszi-ertekezletet\/","title":{"rendered":"Tansz\u00e9k\u00fcnk megtartotta els\u0151 \u0151szi \u00e9rtekezlet\u00e9t"},"content":{"rendered":"<p style=\"text-align: justify\">2025 szeptember 15-\u00e9n sor ker\u00fclt legut\u00f3bbi kutat\u00f3i \u00e9rtekezlet\u00fcnkre, amelyen koll\u00e9g\u00e1k \u00e9s PhD-hallgat\u00f3k sz\u00e1moltak be legfrissebb eredm\u00e9nyeikr\u0151l. A megbesz\u00e9l\u00e9s sor\u00e1n sz\u00f3 esett olyan biol\u00f3giai folyamatokr\u00f3l, amelyek a daganatok kialakul\u00e1s\u00e1ban j\u00e1tszhatnak szerepet, v\u00edrusok \u00e9s rosszindulat\u00fa betegs\u00e9gek k\u00f6z\u00f6tti \u00f6sszef\u00fcgg\u00e9sekr\u0151l, valamint korszer\u0171 adatkezel\u00e9si m\u00f3dszerekr\u0151l. Emellett bemutat\u00e1sra ker\u00fcltek egy nemzetk\u00f6zi tudom\u00e1nymetriai platform idei fejleszt\u00e9sei is.<\/p>\n<p style=\"font-weight: 400;text-align: justify\">A tal\u00e1lkoz\u00f3 j\u00f3 alkalmat adott a tapasztalatok megoszt\u00e1s\u00e1ra \u00e9s \u00faj kutat\u00e1si ir\u00e1nyok kijel\u00f6l\u00e9s\u00e9re. A k\u00f6vetkez\u0151 \u00e9rtekezlet\u00a0<strong>k\u00e9t h\u00e9t m\u00falva<\/strong>\u00a0v\u00e1rhat\u00f3.<\/p>\n<p><img loading=\"lazy\" decoding=\"async\" class=\"alignnone  wp-image-11182\" src=\"https:\/\/semmelweis.hu\/bioinformatika\/files\/2025\/09\/image001-1-400x166.png\" alt=\"\" width=\"805\" height=\"334\" srcset=\"https:\/\/semmelweis.hu\/bioinformatika\/files\/2025\/09\/image001-1-400x166.png 400w, https:\/\/semmelweis.hu\/bioinformatika\/files\/2025\/09\/image001-1-768x319.png 768w, https:\/\/semmelweis.hu\/bioinformatika\/files\/2025\/09\/image001-1-753x313.png 753w, https:\/\/semmelweis.hu\/bioinformatika\/files\/2025\/09\/image001-1.png 1003w\" sizes=\"auto, (max-width: 805px) 100vw, 805px\" \/><\/p>\n","protected":false},"excerpt":{"rendered":"<p>2025 szeptember 15-\u00e9n sor ker\u00fclt legut\u00f3bbi kutat\u00f3i \u00e9rtekezlet\u00fcnkre, amelyen koll\u00e9g\u00e1k \u00e9s PhD-hallgat\u00f3k sz\u00e1moltak be legfrissebb eredm\u00e9nyeikr\u0151l. A megbesz\u00e9l\u00e9s sor\u00e1n sz\u00f3 esett olyan biol\u00f3giai folyamatokr\u00f3l, amelyek a daganatok kialakul\u00e1s\u00e1ban j\u00e1tszhatnak szerepet, v\u00edrusok \u00e9s rosszindulat\u00fa betegs\u00e9gek k\u00f6z\u00f6tti \u00f6sszef\u00fcgg\u00e9sekr\u0151l, valamint korszer\u0171 adatkezel\u00e9si m\u00f3dszerekr\u0151l. Emellett bemutat\u00e1sra ker\u00fcltek egy nemzetk\u00f6zi tudom\u00e1nymetriai platform idei fejleszt\u00e9sei is. A tal\u00e1lkoz\u00f3 j\u00f3 alkalmat adott &hellip;<\/p>\n","protected":false},"author":102440,"featured_media":11185,"comment_status":"closed","ping_status":"closed","sticky":false,"template":"","format":"standard","meta":{"_acf_changed":false,"footnotes":""},"categories":[2],"tags":[],"class_list":["post-11181","post","type-post","status-publish","format-standard","has-post-thumbnail","hentry","category-hirek"],"acf":[],"_links":{"self":[{"href":"https:\/\/semmelweis.hu\/bioinformatika\/wp-json\/wp\/v2\/posts\/11181","targetHints":{"allow":["GET"]}}],"collection":[{"href":"https:\/\/semmelweis.hu\/bioinformatika\/wp-json\/wp\/v2\/posts"}],"about":[{"href":"https:\/\/semmelweis.hu\/bioinformatika\/wp-json\/wp\/v2\/types\/post"}],"author":[{"embeddable":true,"href":"https:\/\/semmelweis.hu\/bioinformatika\/wp-json\/wp\/v2\/users\/102440"}],"replies":[{"embeddable":true,"href":"https:\/\/semmelweis.hu\/bioinformatika\/wp-json\/wp\/v2\/comments?post=11181"}],"version-history":[{"count":2,"href":"https:\/\/semmelweis.hu\/bioinformatika\/wp-json\/wp\/v2\/posts\/11181\/revisions"}],"predecessor-version":[{"id":11184,"href":"https:\/\/semmelweis.hu\/bioinformatika\/wp-json\/wp\/v2\/posts\/11181\/revisions\/11184"}],"wp:featuredmedia":[{"embeddable":true,"href":"https:\/\/semmelweis.hu\/bioinformatika\/wp-json\/wp\/v2\/media\/11185"}],"wp:attachment":[{"href":"https:\/\/semmelweis.hu\/bioinformatika\/wp-json\/wp\/v2\/media?parent=11181"}],"wp:term":[{"taxonomy":"category","embeddable":true,"href":"https:\/\/semmelweis.hu\/bioinformatika\/wp-json\/wp\/v2\/categories?post=11181"},{"taxonomy":"post_tag","embeddable":true,"href":"https:\/\/semmelweis.hu\/bioinformatika\/wp-json\/wp\/v2\/tags?post=11181"}],"curies":[{"name":"wp","href":"https:\/\/api.w.org\/{rel}","templated":true}]}}