{"id":11175,"date":"2025-09-10T07:06:56","date_gmt":"2025-09-10T05:06:56","guid":{"rendered":"https:\/\/semmelweis.hu\/bioinformatika\/?p=11175"},"modified":"2025-09-10T07:06:56","modified_gmt":"2025-09-10T05:06:56","slug":"negy-eloadassal-kepviseltette-magat-a-tanszekunk-a-met-mabit-mbft-mmvbt-kozos-konferencian","status":"publish","type":"post","link":"https:\/\/semmelweis.hu\/bioinformatika\/negy-eloadassal-kepviseltette-magat-a-tanszekunk-a-met-mabit-mbft-mmvbt-kozos-konferencian\/","title":{"rendered":"N\u00e9gy el\u0151ad\u00e1ssal k\u00e9pviseltette mag\u00e1t a Tansz\u00e9k\u00fcnk a M\u00c9T\u2013MABIT\u2013MBFT\u2013MMVBT k\u00f6z\u00f6s konferenci\u00e1n"},"content":{"rendered":"<p style=\"font-weight: 400;text-align: justify\">A Semmelweis Egyetem Bioinformatika Tansz\u00e9k\u00e9nek n\u00e9gy munkat\u00e1rsa \u2013\u00a0<strong>Prof. Dr. Gy\u0151rffy Bal\u00e1zs, Dr. Fekete J\u00e1nos Tibor , Dr. Sz\u00e1ll\u00e1si Zolt\u00e1n \u00e9s Murmu Ankita<\/strong>\u00a0\u2013 tartott el\u0151ad\u00e1st a Szegeden megrendezett M\u00c9T\u2013MABIT\u2013MBFT\u2013MMVBT \u00f6sszevont konferenci\u00e1n.<\/p>\n<p style=\"font-weight: 400;text-align: justify\">A szakmai rendezv\u00e9ny kiemelt c\u00e9lja a hazai \u00e9s nemzetk\u00f6zi kutat\u00f3i k\u00f6z\u00f6ss\u00e9g \u00f6sszekapcsol\u00e1sa, valamint a bioinformatikai \u00e9s orvosbiol\u00f3giai innov\u00e1ci\u00f3k bemutat\u00e1sa volt. A tansz\u00e9k kutat\u00f3i az al\u00e1bbi el\u0151ad\u00e1sokkal j\u00e1rultak hozz\u00e1 a programhoz:<\/p>\n<ul style=\"font-weight: 400;text-align: justify\">\n<li><strong>Prof. Dr. Gy\u0151rffy Bal\u00e1zs<\/strong><em>: New bioinformatic tools for medical research (20\u2019)<\/em>\u00a0\u2013 friss bioinformatikai eszk\u00f6z\u00f6ket ismertetett, amelyek hat\u00e9konyabb\u00e1 tehetik az orvosi kutat\u00e1sokat.<\/li>\n<\/ul>\n<ul style=\"font-weight: 400;text-align: justify\">\n<li><strong>Dr. Fekete J\u00e1nos Tibor:<\/strong>\u00a0<em>MetaAnalysisOnline\u2019s Network Tool: A User-Friendly Platform for Network MetaAnalysis<\/em>\u00a0\u2013 egy \u00faj, felhaszn\u00e1l\u00f3bar\u00e1t h\u00e1l\u00f3zati meta-anal\u00edzis eszk\u00f6z bemutat\u00e1sa.<\/li>\n<li><strong>Dr. Sz\u00e1ll\u00e1si Zolt\u00e1n:<\/strong>\u00a0<em>AI assisted analysis of genomic data to identify therapeutic vulnerabilities of solid tumors \u2013 a skeptics view (40\u2019)<\/em>\u00a0\u2013 kritikus szemsz\u00f6gb\u0151l vizsg\u00e1lta a mesters\u00e9ges intelligencia lehet\u0151s\u00e9geit \u00e9s korl\u00e1tait a daganatok genomikai adatainak elemz\u00e9s\u00e9ben.<\/li>\n<li><strong>Murmu Ankita:<\/strong>\u00a0<em>Machine learning models for prognostic prediction in breast cancer<\/em>\u00a0\u2013 g\u00e9pi tanul\u00e1si modellek alkalmaz\u00e1s\u00e1t mutatta be az eml\u0151r\u00e1k progn\u00f3zis\u00e1nak el\u0151rejelz\u00e9s\u00e9ben.<\/li>\n<\/ul>\n<p style=\"font-weight: 400;text-align: justify\">A tansz\u00e9k r\u00e9szv\u00e9tele j\u00f3l p\u00e9ld\u00e1zza, hogy a Semmelweis Egyetem kutat<span style=\"font-size: 1rem\">\u00f3i akt\u00edvan alak\u00edtj\u00e1k a bioinformatika hazai \u00e9s nemzetk\u00f6zi ir\u00e1nyait, hozz\u00e1j\u00e1rul<\/span><span style=\"font-size: 1rem\">va a prec\u00edzi\u00f3s orvosl\u00e1s fejl\u0151<\/span><span style=\"font-size: 1rem\">d\u00e9s\u00e9hez.<\/span><\/p>\n<p><img loading=\"lazy\" decoding=\"async\" class=\"alignnone  wp-image-11176\" style=\"font-size: 1rem\" src=\"https:\/\/semmelweis.hu\/bioinformatika\/files\/2025\/09\/image002-400x115.png\" alt=\"\" width=\"901\" height=\"259\" srcset=\"https:\/\/semmelweis.hu\/bioinformatika\/files\/2025\/09\/image002-400x115.png 400w, https:\/\/semmelweis.hu\/bioinformatika\/files\/2025\/09\/image002-1024x294.png 1024w, https:\/\/semmelweis.hu\/bioinformatika\/files\/2025\/09\/image002-768x221.png 768w, https:\/\/semmelweis.hu\/bioinformatika\/files\/2025\/09\/image002-753x216.png 753w, https:\/\/semmelweis.hu\/bioinformatika\/files\/2025\/09\/image002.png 1441w\" sizes=\"auto, (max-width: 901px) 100vw, 901px\" \/><\/p>\n<p>&nbsp;<\/p>\n","protected":false},"excerpt":{"rendered":"<p>A Semmelweis Egyetem Bioinformatika Tansz\u00e9k\u00e9nek n\u00e9gy munkat\u00e1rsa \u2013\u00a0Prof. Dr. Gy\u0151rffy Bal\u00e1zs, Dr. Fekete J\u00e1nos Tibor , Dr. Sz\u00e1ll\u00e1si Zolt\u00e1n \u00e9s Murmu Ankita\u00a0\u2013 tartott el\u0151ad\u00e1st a Szegeden megrendezett M\u00c9T\u2013MABIT\u2013MBFT\u2013MMVBT \u00f6sszevont konferenci\u00e1n. A szakmai rendezv\u00e9ny kiemelt c\u00e9lja a hazai \u00e9s nemzetk\u00f6zi kutat\u00f3i k\u00f6z\u00f6ss\u00e9g \u00f6sszekapcsol\u00e1sa, valamint a bioinformatikai \u00e9s orvosbiol\u00f3giai innov\u00e1ci\u00f3k bemutat\u00e1sa volt. A tansz\u00e9k kutat\u00f3i az al\u00e1bbi &hellip;<\/p>\n","protected":false},"author":102440,"featured_media":11177,"comment_status":"closed","ping_status":"closed","sticky":false,"template":"","format":"standard","meta":{"_acf_changed":false,"footnotes":""},"categories":[2],"tags":[],"class_list":["post-11175","post","type-post","status-publish","format-standard","has-post-thumbnail","hentry","category-hirek"],"acf":[],"_links":{"self":[{"href":"https:\/\/semmelweis.hu\/bioinformatika\/wp-json\/wp\/v2\/posts\/11175","targetHints":{"allow":["GET"]}}],"collection":[{"href":"https:\/\/semmelweis.hu\/bioinformatika\/wp-json\/wp\/v2\/posts"}],"about":[{"href":"https:\/\/semmelweis.hu\/bioinformatika\/wp-json\/wp\/v2\/types\/post"}],"author":[{"embeddable":true,"href":"https:\/\/semmelweis.hu\/bioinformatika\/wp-json\/wp\/v2\/users\/102440"}],"replies":[{"embeddable":true,"href":"https:\/\/semmelweis.hu\/bioinformatika\/wp-json\/wp\/v2\/comments?post=11175"}],"version-history":[{"count":2,"href":"https:\/\/semmelweis.hu\/bioinformatika\/wp-json\/wp\/v2\/posts\/11175\/revisions"}],"predecessor-version":[{"id":11179,"href":"https:\/\/semmelweis.hu\/bioinformatika\/wp-json\/wp\/v2\/posts\/11175\/revisions\/11179"}],"wp:featuredmedia":[{"embeddable":true,"href":"https:\/\/semmelweis.hu\/bioinformatika\/wp-json\/wp\/v2\/media\/11177"}],"wp:attachment":[{"href":"https:\/\/semmelweis.hu\/bioinformatika\/wp-json\/wp\/v2\/media?parent=11175"}],"wp:term":[{"taxonomy":"category","embeddable":true,"href":"https:\/\/semmelweis.hu\/bioinformatika\/wp-json\/wp\/v2\/categories?post=11175"},{"taxonomy":"post_tag","embeddable":true,"href":"https:\/\/semmelweis.hu\/bioinformatika\/wp-json\/wp\/v2\/tags?post=11175"}],"curies":[{"name":"wp","href":"https:\/\/api.w.org\/{rel}","templated":true}]}}